{"id":8703,"date":"2015-12-03T00:45:55","date_gmt":"2015-12-02T23:45:55","guid":{"rendered":"http:\/\/www.scherma.torino.it\/?p=8703"},"modified":"2015-12-04T12:47:40","modified_gmt":"2015-12-04T11:47:40","slug":"gran-prix-kinder-gpg-di-ravenna-oro-per-sofia-di-masi-3-marco-paganelli-e-9-vera-perini","status":"publish","type":"post","link":"https:\/\/www.scherma.torino.it\/?p=8703","title":{"rendered":"Gran Prix Kinder GPG di Ravenna. Oro per Sofia Di Masi, 3\u00b0 Marco Paganelli e 9\u00b0 Vera Perini."},"content":{"rendered":"<p><a href=\"http:\/\/www.scherma.torino.it\/wp-content\/uploads\/12240228_10154524527918018_1189685951213933982_o.jpg\"><img decoding=\"async\" loading=\"lazy\" class=\"alignleft  wp-image-8716\" src=\"http:\/\/www.scherma.torino.it\/wp-content\/uploads\/12240228_10154524527918018_1189685951213933982_o-300x211.jpg\" alt=\"12240228_10154524527918018_1189685951213933982_o\" width=\"173\" height=\"122\" srcset=\"https:\/\/www.scherma.torino.it\/wp-content\/uploads\/12240228_10154524527918018_1189685951213933982_o-300x211.jpg 300w, https:\/\/www.scherma.torino.it\/wp-content\/uploads\/12240228_10154524527918018_1189685951213933982_o-1024x721.jpg 1024w, https:\/\/www.scherma.torino.it\/wp-content\/uploads\/12240228_10154524527918018_1189685951213933982_o-900x633.jpg 900w, https:\/\/www.scherma.torino.it\/wp-content\/uploads\/12240228_10154524527918018_1189685951213933982_o.jpg 1181w\" sizes=\"(max-width: 173px) 100vw, 173px\" \/><\/a>Dopo la pausa causata dall&#8217;impegno dovuto all&#8217;organizzazione del <em>GPFIE <\/em>di Fioretto riprendo<a href=\"http:\/\/www.scherma.torino.it\/wp-content\/uploads\/12238030_10154524530968018_6448696799965845010_o.jpg\"><img decoding=\"async\" loading=\"lazy\" class=\"alignright  wp-image-8718\" src=\"http:\/\/www.scherma.torino.it\/wp-content\/uploads\/12238030_10154524530968018_6448696799965845010_o-300x228.jpg\" alt=\"12238030_10154524530968018_6448696799965845010_o\" width=\"163\" height=\"123\" srcset=\"https:\/\/www.scherma.torino.it\/wp-content\/uploads\/12238030_10154524530968018_6448696799965845010_o-300x228.jpg 300w, https:\/\/www.scherma.torino.it\/wp-content\/uploads\/12238030_10154524530968018_6448696799965845010_o-1024x779.jpg 1024w, https:\/\/www.scherma.torino.it\/wp-content\/uploads\/12238030_10154524530968018_6448696799965845010_o-900x685.jpg 900w, https:\/\/www.scherma.torino.it\/wp-content\/uploads\/12238030_10154524530968018_6448696799965845010_o.jpg 1181w\" sizes=\"(max-width: 163px) 100vw, 163px\" \/><\/a> la stesura degli articoli riguardanti le gare dei nostri atleti scusandomi con tutti i soci per il ritardo. E riprendo alla grande con le gare della 1\u00b0 Prova del <em>Gran Prix Kinder Sport\u00a0<\/em>disputatesi a <em>Ravenna<\/em> nel week-end del <em>14 e 15 Novembre<\/em> scorso e dove raccogliamo un buon bottino con un Oro, un Bronzo e tanti buoni piazzamenti.<\/p>\n<p><a href=\"http:\/\/www.scherma.torino.it\/wp-content\/uploads\/12232901_10154524514858018_5334508673249649559_o.jpg\"><img decoding=\"async\" loading=\"lazy\" class=\"alignleft  wp-image-8710\" src=\"http:\/\/www.scherma.torino.it\/wp-content\/uploads\/12232901_10154524514858018_5334508673249649559_o-300x189.jpg\" alt=\"12232901_10154524514858018_5334508673249649559_o\" width=\"267\" height=\"168\" srcset=\"https:\/\/www.scherma.torino.it\/wp-content\/uploads\/12232901_10154524514858018_5334508673249649559_o-300x189.jpg 300w, https:\/\/www.scherma.torino.it\/wp-content\/uploads\/12232901_10154524514858018_5334508673249649559_o-1024x646.jpg 1024w, https:\/\/www.scherma.torino.it\/wp-content\/uploads\/12232901_10154524514858018_5334508673249649559_o-900x568.jpg 900w, https:\/\/www.scherma.torino.it\/wp-content\/uploads\/12232901_10154524514858018_5334508673249649559_o.jpg 1405w\" sizes=\"(max-width: 267px) 100vw, 267px\" \/><\/a>Anche questa volta \u00e8 una fotografia che accende il nostro entusiasmo e la nostra curiosit\u00e0. E&#8217; un immagine tutta al femminile perch\u00e8 l&#8217;atleta che ha vinto la gara \u00e8 <strong>Sofia Di Masi<\/strong> nella categoria bambine e le due ragazze che le corrono incontro affiancate e abbracciate sono le sue maestre, <strong>Alice Manni<\/strong> e <strong>Margherita Mattei<\/strong>, responsabili dell&#8217;insegnamento della scherma nella sede staccata dell&#8217;<em>Istituo Sociale<\/em> da dove si allena <strong>Sofia<\/strong>.<a href=\"http:\/\/www.scherma.torino.it\/wp-content\/uploads\/12183765_10154524515088018_2507628125807428108_o.jpg\"><img decoding=\"async\" loading=\"lazy\" class=\"alignright  wp-image-8712\" src=\"http:\/\/www.scherma.torino.it\/wp-content\/uploads\/12183765_10154524515088018_2507628125807428108_o-300x261.jpg\" alt=\"12183765_10154524515088018_2507628125807428108_o\" width=\"199\" height=\"173\" srcset=\"https:\/\/www.scherma.torino.it\/wp-content\/uploads\/12183765_10154524515088018_2507628125807428108_o-300x261.jpg 300w, https:\/\/www.scherma.torino.it\/wp-content\/uploads\/12183765_10154524515088018_2507628125807428108_o-900x782.jpg 900w, https:\/\/www.scherma.torino.it\/wp-content\/uploads\/12183765_10154524515088018_2507628125807428108_o.jpg 1020w\" sizes=\"(max-width: 199px) 100vw, 199px\" \/><\/a><br \/>\n<em>&#8220;Ragazze vincenti&#8221;<\/em>\u00a0(e forse qualcuno ricorder\u00e0 un bellissimo film sul Baseball femminile di parecchi anni fa), ragazze che non mollano mai, e <strong>Sofia<\/strong> non ha mollato un solo istante in questa sua giornata.<br \/>\n<strong>1\u00b0<\/strong> dopo i gironi con 6 vittorie su 6 <strong>Sofia<\/strong> affrontava <em>Viola Bocchi<\/em> (Verona Scherma) per i 32 superandola <strong>10-5<\/strong>, poi toccava a <em>Benedetta Finocchi<\/em> (Acc. d&#8217;armi Musumeci Greco) lasciare il passo alla nostra atleta <strong>10-1<\/strong> e per gli 8 era la volta di <em>Lucia Cairo<\/em> (Scherma Bresso) battuta<strong> 10-4<\/strong>.<br \/>\nOrmai la sua corsa diventava inarrestabile e <a href=\"http:\/\/www.scherma.torino.it\/wp-content\/uploads\/12238142_10154524511308018_1555679216181600594_o.jpg\"><img decoding=\"async\" loading=\"lazy\" class=\"alignleft  wp-image-8722\" src=\"http:\/\/www.scherma.torino.it\/wp-content\/uploads\/12238142_10154524511308018_1555679216181600594_o-300x215.jpg\" alt=\"12238142_10154524511308018_1555679216181600594_o\" width=\"219\" height=\"157\" srcset=\"https:\/\/www.scherma.torino.it\/wp-content\/uploads\/12238142_10154524511308018_1555679216181600594_o-300x215.jpg 300w, https:\/\/www.scherma.torino.it\/wp-content\/uploads\/12238142_10154524511308018_1555679216181600594_o-1024x734.jpg 1024w, https:\/\/www.scherma.torino.it\/wp-content\/uploads\/12238142_10154524511308018_1555679216181600594_o-900x645.jpg 900w, https:\/\/www.scherma.torino.it\/wp-content\/uploads\/12238142_10154524511308018_1555679216181600594_o.jpg 1181w\" sizes=\"(max-width: 219px) 100vw, 219px\" \/><\/a>con l&#8217;identico punteggio di <strong>10-5<\/strong> eliminava per i 4 <em>Claudia Accardi<\/em> (Polisp. Scherma Bergamo)\u00a0e in semifinale<em> Vittoria Carafa<\/em> (Giulio Verne Scherma). Con il punteggio di <strong>10-7<\/strong> infine liquidava <em>Valentina Bichi <\/em>(Cus Siena Sez. scherma) nella finale di una gara condotta con grande autorevolezza dall&#8217;inizio alla fine.<br \/>\nNella stessa gara segnaliamo anche il <strong>47\u00b0<\/strong> posto di <strong>Giada Donato<\/strong>.<\/p>\n<p><a href=\"http:\/\/www.scherma.torino.it\/wp-content\/uploads\/12240200_10154524520643018_5805950322169006188_o.jpg\"><img decoding=\"async\" loading=\"lazy\" class=\"alignleft size-medium wp-image-8726\" src=\"http:\/\/www.scherma.torino.it\/wp-content\/uploads\/12240200_10154524520643018_5805950322169006188_o-300x135.jpg\" alt=\"12240200_10154524520643018_5805950322169006188_o\" width=\"300\" height=\"135\" srcset=\"https:\/\/www.scherma.torino.it\/wp-content\/uploads\/12240200_10154524520643018_5805950322169006188_o-300x135.jpg 300w, https:\/\/www.scherma.torino.it\/wp-content\/uploads\/12240200_10154524520643018_5805950322169006188_o-1024x460.jpg 1024w, https:\/\/www.scherma.torino.it\/wp-content\/uploads\/12240200_10154524520643018_5805950322169006188_o-900x405.jpg 900w, https:\/\/www.scherma.torino.it\/wp-content\/uploads\/12240200_10154524520643018_5805950322169006188_o.jpg 1181w\" sizes=\"(max-width: 300px) 100vw, 300px\" \/><\/a>E per una new entry come <strong>Sofia<\/strong> ecco un veterano da podio come <strong>Marco\u00a0Paganelli<\/strong> che si classifica al <strong>3\u00b0<\/strong> posto nella gara dei ragazzi.<br \/>\n<strong>Marco<\/strong> era<strong> 12\u00b0<\/strong> dopo i gironi con 5 su 5 ed eliminava in sequenza <em>Matteo Dall&#8217;Aglio<\/em> (Koala Scherma)<strong> 15-1<a href=\"http:\/\/www.scherma.torino.it\/wp-content\/uploads\/12244503_10154524519428018_8124080125149312316_o.jpg\"><img decoding=\"async\" loading=\"lazy\" class=\"alignright  wp-image-8728\" src=\"http:\/\/www.scherma.torino.it\/wp-content\/uploads\/12244503_10154524519428018_8124080125149312316_o-300x259.jpg\" alt=\"12244503_10154524519428018_8124080125149312316_o\" width=\"184\" height=\"159\" srcset=\"https:\/\/www.scherma.torino.it\/wp-content\/uploads\/12244503_10154524519428018_8124080125149312316_o-300x259.jpg 300w, https:\/\/www.scherma.torino.it\/wp-content\/uploads\/12244503_10154524519428018_8124080125149312316_o-1024x883.jpg 1024w, https:\/\/www.scherma.torino.it\/wp-content\/uploads\/12244503_10154524519428018_8124080125149312316_o-900x776.jpg 900w, https:\/\/www.scherma.torino.it\/wp-content\/uploads\/12244503_10154524519428018_8124080125149312316_o.jpg 1181w\" sizes=\"(max-width: 184px) 100vw, 184px\" \/><\/a><\/strong>, <em>Guido Pirazzini<\/em> (Schermistica Lughese) <strong>15-8<\/strong>, <em>Alberto Petrocca<\/em>\u00a0(Koala Scherma) <strong>15-5<\/strong>, <em>Cosimo Raugei<\/em> ( Club Scherma Firenze) <strong>15-10<\/strong>,<em> Antonio Bottalico<\/em> (Acc. Scherma Re Manfredi) <strong>15-8<\/strong> e veniva sconfitto in semifinale da <em>Simone Mencarelli<\/em> (ISEF Torino) al quale cedeva con il punteggio di <strong>2-15<\/strong>.<br \/>\nGli altri classificati della <strong>Marchesa<\/strong> in questa gara: <strong>20\u00b0 Paolo De Bastiani<\/strong>,<strong> 88\u00b0 Riccardo Chiad\u00f2 <\/strong>e<strong>\u00a0126\u00b0 Andrea Chiaverotti<\/strong>.<\/p>\n<p><a href=\"http:\/\/www.scherma.torino.it\/wp-content\/uploads\/10408550_10208188753944714_4328357882124602209_n.jpg\"><img decoding=\"async\" loading=\"lazy\" class=\"alignleft  wp-image-8731\" src=\"http:\/\/www.scherma.torino.it\/wp-content\/uploads\/10408550_10208188753944714_4328357882124602209_n-226x300.jpg\" alt=\"10408550_10208188753944714_4328357882124602209_n\" width=\"105\" height=\"139\" srcset=\"https:\/\/www.scherma.torino.it\/wp-content\/uploads\/10408550_10208188753944714_4328357882124602209_n-226x300.jpg 226w, https:\/\/www.scherma.torino.it\/wp-content\/uploads\/10408550_10208188753944714_4328357882124602209_n.jpg 717w\" sizes=\"(max-width: 105px) 100vw, 105px\" \/><\/a>Sfiora l&#8217;ingresso nelle otto <strong>Vera Perini<\/strong> nella categoria ragazze. <a href=\"http:\/\/www.scherma.torino.it\/wp-content\/uploads\/12274440_10208188755384750_1094789846985543831_n.jpg\"><img decoding=\"async\" loading=\"lazy\" class=\"alignright  wp-image-8733\" src=\"http:\/\/www.scherma.torino.it\/wp-content\/uploads\/12274440_10208188755384750_1094789846985543831_n-222x300.jpg\" alt=\"12274440_10208188755384750_1094789846985543831_n\" width=\"113\" height=\"153\" srcset=\"https:\/\/www.scherma.torino.it\/wp-content\/uploads\/12274440_10208188755384750_1094789846985543831_n-222x300.jpg 222w, https:\/\/www.scherma.torino.it\/wp-content\/uploads\/12274440_10208188755384750_1094789846985543831_n.jpg 486w\" sizes=\"(max-width: 113px) 100vw, 113px\" \/><\/a><strong>2\u00b0<\/strong> dopo i gironi \u00e8 sconfitta da <em>Irene Bertini<\/em> (Pisa Scherma) <strong>10-7.<br \/>\n<\/strong>Seguono <strong>Martina Logozzo 52\u00b0<\/strong>\u00a0e\u00a0<strong>Elena Caruso 96\u00b0.<br \/>\n<\/strong>Nella categoria ragazze <strong>23\u00b0 Alice Boggione<\/strong>, <strong>24\u00b0 Federica Casabona<\/strong>, <strong>31\u00b0 Cecilia Menicucci<\/strong> \u00a0e\u00a0<strong>61\u00b0 Lina Morchid<\/strong> .<br \/>\nNella categoria Maschietti<a href=\"http:\/\/www.scherma.torino.it\/wp-content\/uploads\/12243400_10208188754344724_8461173641604924698_n.jpg\"><img decoding=\"async\" loading=\"lazy\" class=\"alignleft  wp-image-8735\" src=\"http:\/\/www.scherma.torino.it\/wp-content\/uploads\/12243400_10208188754344724_8461173641604924698_n-210x300.jpg\" alt=\"12243400_10208188754344724_8461173641604924698_n\" width=\"101\" height=\"144\" srcset=\"https:\/\/www.scherma.torino.it\/wp-content\/uploads\/12243400_10208188754344724_8461173641604924698_n-210x300.jpg 210w, https:\/\/www.scherma.torino.it\/wp-content\/uploads\/12243400_10208188754344724_8461173641604924698_n.jpg 671w\" sizes=\"(max-width: 101px) 100vw, 101px\" \/><\/a> <strong>28\u00b0 Francesco Sciortino<\/strong> e 79\u00b0 <strong>Benedetto Benzi<\/strong>.<br \/>\nNella Categoria giovanissimi <strong>32\u00b0 Alessandro Canale.<br \/>\n<\/strong>Tra gli Allievi<strong>\u00a045\u00b0 Fabio Oldini<\/strong> e<strong>\u00a0<\/strong>infine tra le Allieve <strong>99\u00b0 Arianna Donato<\/strong>.<\/p>\n<p>Complimenti a tutti, ragazze e ragazzi, dalla prima all&#8217;ultimo perch\u00e8 al di l\u00e0 del piazzamento c&#8217;\u00e8 stato l&#8217;impegno dei nostri marchesini e delle nostre marchesine, e questo non \u00e8 mai poco.<\/p>\n<p><em>Le foto sono di Augusto Bizzi e di Giovanni Boggione<\/em><\/p>\n<p>&nbsp;<\/p>\n","protected":false},"excerpt":{"rendered":"<p>Dopo la pausa causata dall&#8217;impegno dovuto all&#8217;organizzazione del GPFIE di Fioretto riprendo la stesura degli articoli riguardanti le gare dei nostri atleti scusandomi con tutti i soci per il ritardo. E riprendo alla grande con le gare della 1\u00b0 Prova del Gran Prix Kinder Sport\u00a0disputatesi a Ravenna nel week-end del 14 e 15 Novembre scorso [&hellip;]<\/p>\n","protected":false},"author":6,"featured_media":8710,"comment_status":"open","ping_status":"closed","sticky":false,"template":"","format":"standard","meta":{"_mi_skip_tracking":false,"_monsterinsights_sitenote_active":false,"_monsterinsights_sitenote_note":"","_monsterinsights_sitenote_category":0},"categories":[3,6,10],"tags":[],"views":2447,"_links":{"self":[{"href":"https:\/\/www.scherma.torino.it\/index.php?rest_route=\/wp\/v2\/posts\/8703"}],"collection":[{"href":"https:\/\/www.scherma.torino.it\/index.php?rest_route=\/wp\/v2\/posts"}],"about":[{"href":"https:\/\/www.scherma.torino.it\/index.php?rest_route=\/wp\/v2\/types\/post"}],"author":[{"embeddable":true,"href":"https:\/\/www.scherma.torino.it\/index.php?rest_route=\/wp\/v2\/users\/6"}],"replies":[{"embeddable":true,"href":"https:\/\/www.scherma.torino.it\/index.php?rest_route=%2Fwp%2Fv2%2Fcomments&post=8703"}],"version-history":[{"count":25,"href":"https:\/\/www.scherma.torino.it\/index.php?rest_route=\/wp\/v2\/posts\/8703\/revisions"}],"predecessor-version":[{"id":8738,"href":"https:\/\/www.scherma.torino.it\/index.php?rest_route=\/wp\/v2\/posts\/8703\/revisions\/8738"}],"wp:featuredmedia":[{"embeddable":true,"href":"https:\/\/www.scherma.torino.it\/index.php?rest_route=\/wp\/v2\/media\/8710"}],"wp:attachment":[{"href":"https:\/\/www.scherma.torino.it\/index.php?rest_route=%2Fwp%2Fv2%2Fmedia&parent=8703"}],"wp:term":[{"taxonomy":"category","embeddable":true,"href":"https:\/\/www.scherma.torino.it\/index.php?rest_route=%2Fwp%2Fv2%2Fcategories&post=8703"},{"taxonomy":"post_tag","embeddable":true,"href":"https:\/\/www.scherma.torino.it\/index.php?rest_route=%2Fwp%2Fv2%2Ftags&post=8703"}],"curies":[{"name":"wp","href":"https:\/\/api.w.org\/{rel}","templated":true}]}}