{"id":8266,"date":"2015-07-24T07:00:05","date_gmt":"2015-07-24T06:00:05","guid":{"rendered":"http:\/\/www.scherma.torino.it\/?p=8266"},"modified":"2015-08-27T21:40:44","modified_gmt":"2015-08-27T20:40:44","slug":"lutto-allaccademia-scherma-marchesa","status":"publish","type":"post","link":"https:\/\/www.scherma.torino.it\/?p=8266","title":{"rendered":"Lutto all&#8217;Accademia Scherma Marchesa"},"content":{"rendered":"<p><a href=\"http:\/\/www.scherma.torino.it\/wp-content\/uploads\/logo_marc_LUTTO.jpg\"><img decoding=\"async\" loading=\"lazy\" class=\"alignleft  wp-image-6597\" src=\"http:\/\/www.scherma.torino.it\/wp-content\/uploads\/logo_marc_LUTTO-300x299.jpg\" alt=\"logo_marc_LUTTO\" width=\"152\" height=\"151\" srcset=\"https:\/\/www.scherma.torino.it\/wp-content\/uploads\/logo_marc_LUTTO-300x299.jpg 300w, https:\/\/www.scherma.torino.it\/wp-content\/uploads\/logo_marc_LUTTO-150x150.jpg 150w, https:\/\/www.scherma.torino.it\/wp-content\/uploads\/logo_marc_LUTTO.jpg 301w\" sizes=\"(max-width: 152px) 100vw, 152px\" \/><\/a>Un grave lutto ha colpito il nostro <strong>Presidente Michele Torella<\/strong>. Nella giornata di ieri mattina 23 luglio \u00e8 mancato il pap\u00e0.<br \/>\nIl <em>consiglio direttivo<\/em>, lo <em>staff tecnico<\/em>, la <em>segreteria<\/em>, gli <em>armieri<\/em>, i <em>soci<\/em> tutti e gli <em>atleti<\/em> sono vicini a <em>Michele<\/em> in questo tristissimo momento.<br \/>\nIl Rosario si terr\u00e0 marted\u00ec 28 luglio alle ore 18,30 mentre il funerale sar\u00e0 mercoled\u00ec 29 luglio alle ore 9,30, entrambi presso la chiesa SS Redentore in Piazza Giovanni XXIII 26 a Torino.<br \/>\n<a href=\"http:\/\/www.paginegialle.it\/torino-to\/chiese\/parrocchia-gesu-redentore\">http:\/\/www.paginegialle.it\/torino-to\/chiese\/parrocchia-gesu-redentore<\/a><\/p>\n","protected":false},"excerpt":{"rendered":"<p>Un grave lutto ha colpito il nostro Presidente Michele Torella. Nella giornata di ieri mattina 23 luglio \u00e8 mancato il pap\u00e0. Il consiglio direttivo, lo staff tecnico, la segreteria, gli armieri, i soci tutti e gli atleti sono vicini a Michele in questo tristissimo momento. Il Rosario si terr\u00e0 marted\u00ec 28 luglio alle ore 18,30 [&hellip;]<\/p>\n","protected":false},"author":6,"featured_media":6597,"comment_status":"open","ping_status":"closed","sticky":false,"template":"","format":"standard","meta":{"_mi_skip_tracking":false,"_monsterinsights_sitenote_active":false,"_monsterinsights_sitenote_note":"","_monsterinsights_sitenote_category":0},"categories":[11,12],"tags":[],"views":1519,"_links":{"self":[{"href":"https:\/\/www.scherma.torino.it\/index.php?rest_route=\/wp\/v2\/posts\/8266"}],"collection":[{"href":"https:\/\/www.scherma.torino.it\/index.php?rest_route=\/wp\/v2\/posts"}],"about":[{"href":"https:\/\/www.scherma.torino.it\/index.php?rest_route=\/wp\/v2\/types\/post"}],"author":[{"embeddable":true,"href":"https:\/\/www.scherma.torino.it\/index.php?rest_route=\/wp\/v2\/users\/6"}],"replies":[{"embeddable":true,"href":"https:\/\/www.scherma.torino.it\/index.php?rest_route=%2Fwp%2Fv2%2Fcomments&post=8266"}],"version-history":[{"count":9,"href":"https:\/\/www.scherma.torino.it\/index.php?rest_route=\/wp\/v2\/posts\/8266\/revisions"}],"predecessor-version":[{"id":8275,"href":"https:\/\/www.scherma.torino.it\/index.php?rest_route=\/wp\/v2\/posts\/8266\/revisions\/8275"}],"wp:featuredmedia":[{"embeddable":true,"href":"https:\/\/www.scherma.torino.it\/index.php?rest_route=\/wp\/v2\/media\/6597"}],"wp:attachment":[{"href":"https:\/\/www.scherma.torino.it\/index.php?rest_route=%2Fwp%2Fv2%2Fmedia&parent=8266"}],"wp:term":[{"taxonomy":"category","embeddable":true,"href":"https:\/\/www.scherma.torino.it\/index.php?rest_route=%2Fwp%2Fv2%2Fcategories&post=8266"},{"taxonomy":"post_tag","embeddable":true,"href":"https:\/\/www.scherma.torino.it\/index.php?rest_route=%2Fwp%2Fv2%2Ftags&post=8266"}],"curies":[{"name":"wp","href":"https:\/\/api.w.org\/{rel}","templated":true}]}}