{"id":8264,"date":"2015-08-30T15:49:59","date_gmt":"2015-08-30T14:49:59","guid":{"rendered":"http:\/\/www.scherma.torino.it\/?p=8264"},"modified":"2015-08-30T16:01:16","modified_gmt":"2015-08-30T15:01:16","slug":"allenamento-collegiale-azzurrini-7-i-partecipanti-per-laccademia-scherma-marchesa","status":"publish","type":"post","link":"https:\/\/www.scherma.torino.it\/?p=8264","title":{"rendered":"Allenamento collegiale Azzurrini. 7 i partecipanti per l&#8217;Accademia Scherma Marchesa."},"content":{"rendered":"<p><a href=\"http:\/\/www.scherma.torino.it\/wp-content\/uploads\/scherma-009.jpg\"><img decoding=\"async\" loading=\"lazy\" class=\"alignleft  wp-image-8307\" src=\"http:\/\/www.scherma.torino.it\/wp-content\/uploads\/scherma-009-300x200.jpg\" alt=\"scherma-009\" width=\"174\" height=\"116\" srcset=\"https:\/\/www.scherma.torino.it\/wp-content\/uploads\/scherma-009-300x200.jpg 300w, https:\/\/www.scherma.torino.it\/wp-content\/uploads\/scherma-009-900x600.jpg 900w, https:\/\/www.scherma.torino.it\/wp-content\/uploads\/scherma-009.jpg 1000w\" sizes=\"(max-width: 174px) 100vw, 174px\" \/><\/a>Pronti per la nuova stagione? La sala di <em>Corso Taranto<\/em>\u00a0<em>160<\/em> aprir\u00e0 i battenti <strong>Luned\u00ec 7 settembre<\/strong> e sar\u00e0 bello ritrovarsi tutti dopo la pausa estiva. Pausa che per gli atleti di punta dell&#8217;<strong>Inalpi team dell&#8217;Accademia Scherma Marchesa<\/strong> \u00e8 stata inframmezzata da impegni e allenamenti, che li porteranno gi\u00e0 caldi ai primi impegni agonistici della stagione.<\/p>\n<p>Hanno dato il via\u00a0<strong>Luca Diliberto<\/strong>, <strong>Pietro Varengo<\/strong> e <strong>Alessandra Amateis<\/strong> partecipando al campus del progetto <strong>TARG<\/strong> che si \u00e8 tenuto a<em> Formia dal 19 al 26 Luglio<\/em>, poi <strong>Cecilia Varengo<\/strong>, <strong>Amedeo Zancanella<\/strong> e <strong>Federico Marenco<\/strong> hanno partecipato al ritiro estivo di <em>Valles in Val Pusteria dal 22 al 29 agosto<\/em>.<\/p>\n<p><a href=\"http:\/\/www.scherma.torino.it\/wp-content\/uploads\/LocandinaStage2015-fronte1.jpg\"><img decoding=\"async\" loading=\"lazy\" class=\"alignleft  wp-image-7903\" src=\"http:\/\/www.scherma.torino.it\/wp-content\/uploads\/LocandinaStage2015-fronte1-212x300.jpg\" alt=\"LocandinaStage2015 fronte\" width=\"125\" height=\"177\" srcset=\"https:\/\/www.scherma.torino.it\/wp-content\/uploads\/LocandinaStage2015-fronte1-212x300.jpg 212w, https:\/\/www.scherma.torino.it\/wp-content\/uploads\/LocandinaStage2015-fronte1-725x1024.jpg 725w, https:\/\/www.scherma.torino.it\/wp-content\/uploads\/LocandinaStage2015-fronte1.jpg 779w\" sizes=\"(max-width: 125px) 100vw, 125px\" \/><\/a>Oggi inizia lo stage\u00a0di <strong>Sestriere<\/strong> organizzato dall&#8217;<em><strong>Accademia Scherma Marchesa<\/strong><\/em> con la partecipazione delle societ\u00e0\u00a0<strong>Pro Vercelli, Circolo Scherma Giuseppe Delfino Ivrea, Virtus Asti, CUS Piemonte Orientale <\/strong>e<strong> Circolo Scherma Aosta<\/strong>\u00a0e sotto la direzione del maestro <strong>Dario Chiad\u00f2<\/strong> e il coordinamento dell&#8217;Istruttrice <strong>Alice Manni<\/strong>. Durer\u00e0 fino al <em>5 Settembre<\/em> e oltre alle attivit\u00e0 principali di <em>scherma e preparazione atletica<\/em> le ragazze e i ragazzi partecipanti si cimenteranno anche con <em>trekking, gioco sport e animazione<\/em>.<\/p>\n<p><a href=\"http:\/\/www.scherma.torino.it\/wp-content\/uploads\/logo-fis.jpg\"><img decoding=\"async\" loading=\"lazy\" class=\"alignright  wp-image-8310\" src=\"http:\/\/www.scherma.torino.it\/wp-content\/uploads\/logo-fis.jpg\" alt=\"logo fis\" width=\"147\" height=\"193\" \/><\/a>E infine segnaliamo quello che consideriamo il fiore all&#8217;occhiello di questa estate per la nostra societ\u00e0. Saranno ben<strong> 8<\/strong> i tesserati dell&#8217;<strong>Accademia Scherma Marchesa<\/strong> a partecipare all&#8217;<em>Allenamento collegiale degli Azzurrini di Spada Maschile e Femminile<\/em> che si terr\u00e0 dall&#8217;<em>1 al 10 Settembre 2015 a Vigna Di Valle<\/em>. Ai<strong> 6<\/strong> atleti convocati,\u00a0<strong>Alice Clerici<\/strong>, <strong>Cecilia Varengo<\/strong>, <strong>Enrico Bergamini<\/strong>, <strong>Federico Marenco<\/strong> e <strong>Amedeo Zancanella<\/strong> e alla New Entry <strong>Daniel De Mola<\/strong>, si aggiungono gli autorizzati a partecipare <strong>Luca Diliberto<\/strong> e il nuovo iscritto <strong>Giulio Gaetani<\/strong>. Un vero record per il nostro sodalizio.\u00a0Purtroppo ci rincresce dover segnalare che <strong>Enrico Bergamini<\/strong> non potr\u00e0 partecipare al ritiro causa concomitanza con i suoi impegni universitari.<\/p>\n<p><em>A tutti va un augurio di una buona preparazione schermistica e atletica. Complimenti a tutti!!!<\/em><\/p>\n","protected":false},"excerpt":{"rendered":"<p>Pronti per la nuova stagione? La sala di Corso Taranto\u00a0160 aprir\u00e0 i battenti Luned\u00ec 7 settembre e sar\u00e0 bello ritrovarsi tutti dopo la pausa estiva. Pausa che per gli atleti di punta dell&#8217;Inalpi team dell&#8217;Accademia Scherma Marchesa \u00e8 stata inframmezzata da impegni e allenamenti, che li porteranno gi\u00e0 caldi ai primi impegni agonistici della stagione. [&hellip;]<\/p>\n","protected":false},"author":6,"featured_media":8307,"comment_status":"open","ping_status":"closed","sticky":false,"template":"","format":"standard","meta":{"_mi_skip_tracking":false,"_monsterinsights_sitenote_active":false,"_monsterinsights_sitenote_note":"","_monsterinsights_sitenote_category":0},"categories":[14,7],"tags":[],"views":1898,"_links":{"self":[{"href":"https:\/\/www.scherma.torino.it\/index.php?rest_route=\/wp\/v2\/posts\/8264"}],"collection":[{"href":"https:\/\/www.scherma.torino.it\/index.php?rest_route=\/wp\/v2\/posts"}],"about":[{"href":"https:\/\/www.scherma.torino.it\/index.php?rest_route=\/wp\/v2\/types\/post"}],"author":[{"embeddable":true,"href":"https:\/\/www.scherma.torino.it\/index.php?rest_route=\/wp\/v2\/users\/6"}],"replies":[{"embeddable":true,"href":"https:\/\/www.scherma.torino.it\/index.php?rest_route=%2Fwp%2Fv2%2Fcomments&post=8264"}],"version-history":[{"count":15,"href":"https:\/\/www.scherma.torino.it\/index.php?rest_route=\/wp\/v2\/posts\/8264\/revisions"}],"predecessor-version":[{"id":8313,"href":"https:\/\/www.scherma.torino.it\/index.php?rest_route=\/wp\/v2\/posts\/8264\/revisions\/8313"}],"wp:featuredmedia":[{"embeddable":true,"href":"https:\/\/www.scherma.torino.it\/index.php?rest_route=\/wp\/v2\/media\/8307"}],"wp:attachment":[{"href":"https:\/\/www.scherma.torino.it\/index.php?rest_route=%2Fwp%2Fv2%2Fmedia&parent=8264"}],"wp:term":[{"taxonomy":"category","embeddable":true,"href":"https:\/\/www.scherma.torino.it\/index.php?rest_route=%2Fwp%2Fv2%2Fcategories&post=8264"},{"taxonomy":"post_tag","embeddable":true,"href":"https:\/\/www.scherma.torino.it\/index.php?rest_route=%2Fwp%2Fv2%2Ftags&post=8264"}],"curies":[{"name":"wp","href":"https:\/\/api.w.org\/{rel}","templated":true}]}}