{"id":7382,"date":"2015-02-05T22:31:30","date_gmt":"2015-02-05T21:31:30","guid":{"rendered":"http:\/\/www.scherma.torino.it\/?p=7382"},"modified":"2015-02-05T22:31:30","modified_gmt":"2015-02-05T21:31:30","slug":"rosario-e-funerale-del-presidente-bruno-angeli","status":"publish","type":"post","link":"https:\/\/www.scherma.torino.it\/?p=7382","title":{"rendered":"Rosario e Funerale del Presidente Bruno Angeli"},"content":{"rendered":"<p>Si informa che il Rosario del <em>Presidente<\/em> <strong>Bruno Angeli<\/strong> si terr\u00e0 <em>venerd\u00ec 6 febbraio 2015<\/em>, alle ore <em>20.30<\/em> mentre il funerale avr\u00e0 luogo<em> sabato 7 alle ore 10.30<\/em>, entrambi presso la chiesa parrocchiale di <em>Roletto<\/em>.<\/p>\n","protected":false},"excerpt":{"rendered":"<p>Si informa che il Rosario del Presidente Bruno Angeli si terr\u00e0 venerd\u00ec 6 febbraio 2015, alle ore 20.30 mentre il funerale avr\u00e0 luogo sabato 7 alle ore 10.30, entrambi presso la chiesa parrocchiale di Roletto.<\/p>\n","protected":false},"author":6,"featured_media":0,"comment_status":"open","ping_status":"closed","sticky":false,"template":"","format":"standard","meta":{"_mi_skip_tracking":false,"_monsterinsights_sitenote_active":false,"_monsterinsights_sitenote_note":"","_monsterinsights_sitenote_category":0},"categories":[14,7,11,12],"tags":[],"views":1051,"_links":{"self":[{"href":"https:\/\/www.scherma.torino.it\/index.php?rest_route=\/wp\/v2\/posts\/7382"}],"collection":[{"href":"https:\/\/www.scherma.torino.it\/index.php?rest_route=\/wp\/v2\/posts"}],"about":[{"href":"https:\/\/www.scherma.torino.it\/index.php?rest_route=\/wp\/v2\/types\/post"}],"author":[{"embeddable":true,"href":"https:\/\/www.scherma.torino.it\/index.php?rest_route=\/wp\/v2\/users\/6"}],"replies":[{"embeddable":true,"href":"https:\/\/www.scherma.torino.it\/index.php?rest_route=%2Fwp%2Fv2%2Fcomments&post=7382"}],"version-history":[{"count":3,"href":"https:\/\/www.scherma.torino.it\/index.php?rest_route=\/wp\/v2\/posts\/7382\/revisions"}],"predecessor-version":[{"id":7385,"href":"https:\/\/www.scherma.torino.it\/index.php?rest_route=\/wp\/v2\/posts\/7382\/revisions\/7385"}],"wp:attachment":[{"href":"https:\/\/www.scherma.torino.it\/index.php?rest_route=%2Fwp%2Fv2%2Fmedia&parent=7382"}],"wp:term":[{"taxonomy":"category","embeddable":true,"href":"https:\/\/www.scherma.torino.it\/index.php?rest_route=%2Fwp%2Fv2%2Fcategories&post=7382"},{"taxonomy":"post_tag","embeddable":true,"href":"https:\/\/www.scherma.torino.it\/index.php?rest_route=%2Fwp%2Fv2%2Ftags&post=7382"}],"curies":[{"name":"wp","href":"https:\/\/api.w.org\/{rel}","templated":true}]}}