{"id":7313,"date":"2015-01-23T16:27:27","date_gmt":"2015-01-23T15:27:27","guid":{"rendered":"http:\/\/www.scherma.torino.it\/?p=7313"},"modified":"2015-01-23T16:27:27","modified_gmt":"2015-01-23T15:27:27","slug":"amedeo-zancanella-convocato-per-i-giochi-del-mediterraneo","status":"publish","type":"post","link":"https:\/\/www.scherma.torino.it\/?p=7313","title":{"rendered":"Amedeo Zancanella convocato per i giochi del mediterraneo."},"content":{"rendered":"<p><strong>\u00a0<a href=\"http:\/\/www.scherma.torino.it\/wp-content\/uploads\/campionati_mediterraneo_guadalajara2015.jpg\"><img decoding=\"async\" loading=\"lazy\" class=\"alignleft size-medium wp-image-7318\" alt=\"campionati_mediterraneo_guadalajara2015\" src=\"http:\/\/www.scherma.torino.it\/wp-content\/uploads\/campionati_mediterraneo_guadalajara2015-300x101.jpg\" width=\"300\" height=\"101\" srcset=\"https:\/\/www.scherma.torino.it\/wp-content\/uploads\/campionati_mediterraneo_guadalajara2015-300x101.jpg 300w, https:\/\/www.scherma.torino.it\/wp-content\/uploads\/campionati_mediterraneo_guadalajara2015.jpg 959w\" sizes=\"(max-width: 300px) 100vw, 300px\" \/><\/a><\/strong>Sono state diramate le convocazioni per gli atleti che comporranno la <em>delegazione azzurra<\/em> ai <strong>Campionati del Mediterraneo 2015<\/strong>, in programma da <em>Venerdi 30 Gennaio a Domenica 1 Febbraio<\/em> a <strong>Guadalajara<\/strong>, in <strong>Spagna<\/strong>.<\/p>\n<p><a href=\"http:\/\/www.scherma.torino.it\/wp-content\/uploads\/10733966_391316084356606_3209951916216710077_n.jpg\"><img decoding=\"async\" loading=\"lazy\" class=\"alignright  wp-image-7050\" alt=\"10733966_391316084356606_3209951916216710077_n\" src=\"http:\/\/www.scherma.torino.it\/wp-content\/uploads\/10733966_391316084356606_3209951916216710077_n-300x200.jpg\" width=\"216\" height=\"144\" srcset=\"https:\/\/www.scherma.torino.it\/wp-content\/uploads\/10733966_391316084356606_3209951916216710077_n-300x200.jpg 300w, https:\/\/www.scherma.torino.it\/wp-content\/uploads\/10733966_391316084356606_3209951916216710077_n.jpg 960w\" sizes=\"(max-width: 216px) 100vw, 216px\" \/><\/a>Ad affrontare le gare cadetti e giovani per la spada maschile \u00e8 stato convocato <strong>Amedeo Zancanella<\/strong>, dell&#8217;<strong>Inalpi Team dell&#8217;Accademia Scherma Marchesa<\/strong>, assieme ai connazionali\u00a0<em>Riccardo Abate<\/em> e <em>Lorenzo Toracca<\/em>. Il Presidente <strong>Michele Torella<\/strong>, il <strong>Consiglio Direttivo<\/strong>, il <strong>Corpo Magistrale<\/strong> e tutti i <strong>soci<\/strong> si uniscono nell&#8217;augurare un grande <strong><em>&#8220;In bocca al Lupo&#8221;<\/em><\/strong> ad <strong>Amedeo<\/strong>, certi che sapr\u00e0 onorare con il suo impegno e le sue capacit\u00e0 l&#8217;Italia e la sua societ\u00e0 di appartenenza. <em>Vai Amedeo, siamo tutti con te!!!!<\/em><\/p>\n","protected":false},"excerpt":{"rendered":"<p>\u00a0Sono state diramate le convocazioni per gli atleti che comporranno la delegazione azzurra ai Campionati del Mediterraneo 2015, in programma da Venerdi 30 Gennaio a Domenica 1 Febbraio a Guadalajara, in Spagna. Ad affrontare le gare cadetti e giovani per la spada maschile \u00e8 stato convocato Amedeo Zancanella, dell&#8217;Inalpi Team dell&#8217;Accademia Scherma Marchesa, assieme ai [&hellip;]<\/p>\n","protected":false},"author":6,"featured_media":7318,"comment_status":"open","ping_status":"closed","sticky":false,"template":"","format":"standard","meta":{"_mi_skip_tracking":false,"_monsterinsights_sitenote_active":false,"_monsterinsights_sitenote_note":"","_monsterinsights_sitenote_category":0},"categories":[1],"tags":[],"views":2121,"_links":{"self":[{"href":"https:\/\/www.scherma.torino.it\/index.php?rest_route=\/wp\/v2\/posts\/7313"}],"collection":[{"href":"https:\/\/www.scherma.torino.it\/index.php?rest_route=\/wp\/v2\/posts"}],"about":[{"href":"https:\/\/www.scherma.torino.it\/index.php?rest_route=\/wp\/v2\/types\/post"}],"author":[{"embeddable":true,"href":"https:\/\/www.scherma.torino.it\/index.php?rest_route=\/wp\/v2\/users\/6"}],"replies":[{"embeddable":true,"href":"https:\/\/www.scherma.torino.it\/index.php?rest_route=%2Fwp%2Fv2%2Fcomments&post=7313"}],"version-history":[{"count":9,"href":"https:\/\/www.scherma.torino.it\/index.php?rest_route=\/wp\/v2\/posts\/7313\/revisions"}],"predecessor-version":[{"id":7323,"href":"https:\/\/www.scherma.torino.it\/index.php?rest_route=\/wp\/v2\/posts\/7313\/revisions\/7323"}],"wp:featuredmedia":[{"embeddable":true,"href":"https:\/\/www.scherma.torino.it\/index.php?rest_route=\/wp\/v2\/media\/7318"}],"wp:attachment":[{"href":"https:\/\/www.scherma.torino.it\/index.php?rest_route=%2Fwp%2Fv2%2Fmedia&parent=7313"}],"wp:term":[{"taxonomy":"category","embeddable":true,"href":"https:\/\/www.scherma.torino.it\/index.php?rest_route=%2Fwp%2Fv2%2Fcategories&post=7313"},{"taxonomy":"post_tag","embeddable":true,"href":"https:\/\/www.scherma.torino.it\/index.php?rest_route=%2Fwp%2Fv2%2Ftags&post=7313"}],"curies":[{"name":"wp","href":"https:\/\/api.w.org\/{rel}","templated":true}]}}