{"id":7290,"date":"2015-01-21T16:40:51","date_gmt":"2015-01-21T15:40:51","guid":{"rendered":"http:\/\/www.scherma.torino.it\/?p=7290"},"modified":"2015-01-29T09:05:56","modified_gmt":"2015-01-29T08:05:56","slug":"convocazione-dellassemblea-ordinaria-dei-soci","status":"publish","type":"post","link":"https:\/\/www.scherma.torino.it\/?p=7290","title":{"rendered":"Convocazione dell&#8217;Assemblea Ordinaria dei Soci"},"content":{"rendered":"<p style=\"text-align: justify;\"><a href=\"http:\/\/www.scherma.torino.it\/wp-content\/uploads\/assemblea_soci.jpg\"><img decoding=\"async\" loading=\"lazy\" class=\"alignleft  wp-image-7297\" alt=\"assemblea_soci\" src=\"http:\/\/www.scherma.torino.it\/wp-content\/uploads\/assemblea_soci-300x300.jpg\" width=\"240\" height=\"240\" srcset=\"https:\/\/www.scherma.torino.it\/wp-content\/uploads\/assemblea_soci-300x300.jpg 300w, https:\/\/www.scherma.torino.it\/wp-content\/uploads\/assemblea_soci-150x150.jpg 150w, https:\/\/www.scherma.torino.it\/wp-content\/uploads\/assemblea_soci.jpg 329w\" sizes=\"(max-width: 240px) 100vw, 240px\" \/><\/a>Il <strong>Presidente Michele Torella<\/strong> comunica che l\u2019<strong>Assemblea Ordinaria Annuale dei Soci<\/strong> dell\u2019<strong>Accademia Scherma Marchesa A.S.D.<\/strong>, secondo<br \/>\nquanto disposto dallo statuto vigente, \u00e8 indetta in prima convocazione il giorno <em>Luned\u00ec 26 Gennaio 2015<\/em><br \/>\nalle ore 13.00 e, non raggiungendo il numero legale, in seconda convocazione <em>Marted\u00ec 27 Gennaio 2015<\/em><br \/>\nalle ore 18.30 presso la Direzione dell\u2019<em>Accademia Scherma Marchesa in C.so Taranto, 160 \u2013 Torino<\/em>. &#8211; per<br \/>\ndiscutere e deliberare il seguente ordine del giorno:<br \/>\n<strong>1.<\/strong> Relazione del <strong>Consiglio Direttivo<\/strong> stagione <em>2013-2014<\/em> e sua approvazione<br \/>\n<strong>2.<\/strong> Esame ed approvazione del rendiconto per l\u2019esercizio <em>2013-2014<\/em><br \/>\n<strong>3.<\/strong> Esame ed approvazione del bilancio preventivo per l\u2019esercizio <em>2014-2015<\/em>;<br \/>\n<strong>4.<\/strong> Varie ed eventuali<\/p>\n<p style=\"text-align: justify;\">A tal proposito si ritiene opportuno fare alcune precisazioni:<br \/>\n<strong>\u2022<\/strong> Il bilancio del Consiglio Direttivo \u00e8 consultabile dai Soci in Segreteria, nei 5 giorni antecedenti, previo<br \/>\nappuntamento.<br \/>\n<strong>\u2022<\/strong> I Soci minorenni sono rappresentati da uno dei rispettivi genitori.<br \/>\n<strong>\u2022<\/strong> Ogni Socio ha diritto ad un solo voto. Per Statuto possono partecipare all\u2019Assemblea solo i Soci in regola con il<br \/>\nversamento della quota.<br \/>\n<strong>\u2022<\/strong> Il Socio ha diritto a delegare un altro Socio per rappresentarlo alle votazioni.<br \/>\n<strong>\u2022<\/strong> Ogni Socio pu\u00f2 portare in Assemblea non pi\u00f9 di 2 deleghe. La Segreteria raccoglier\u00e0 le deleghe fino alle ore 18:00<br \/>\ndel 27 Gennaio 2015.<\/p>\n<p style=\"text-align: justify;\">L&#8217;<em>assemblea dei soci<\/em>, oltre a essere un passaggio obbligato stabilito dallo statuto della societ\u00e0, in cui viene illustrato e sottoposto ad approvazione il bilancio, \u00e8 anche il momento in cui i soci possono intervenire per chiarimenti, proposte ed eventuali problematiche legate all&#8217;attivit\u00e0 della nostra Associazione. Ricordiamo a tutti che un <strong>ASD<\/strong> (<strong>Associazione Sportiva Dilettantistica<\/strong>) quale \u00e8 l&#8217;<strong>Accademia Scherma Marchesa<\/strong> non \u00e8 un <em>Centro Sportivo Privato<\/em>, ha come unico scopo la diffusione dell&#8217;attivit\u00e0 sportiva e non ha fini di lucro, il <strong>Presidente<\/strong> e il <strong>Consiglio Direttivo<\/strong> rappresentano i soci e sono da loro eletti e non percepiscono <span style=\"text-decoration: underline;\"><em>alcun compenso<\/em><\/span> per il loro impegno all&#8217;interno dell&#8217;Associazione stessa. Quindi il ruolo di socio non deve essere visto esclusivamente come quello di semplice fruitore di un servizio ma l&#8217;impegno (volontario) e la partecipazione alle attivit\u00e0 sociali dovrebbero essere una delle colonne portanti delle nostre attivit\u00e0. Vi aspettiamo quindi numerosi a questo importante appuntamento.<br \/>\nPer chi vuole approfondire sotto aggiungo ulteriori delucidazioni in proposito.<\/p>\n<p>L&#8217;<strong>A<\/strong><b>ssociazione sportiva<\/b>\u00a0(<em>regolata dagli articoli 36 e seguenti del Codice Civile<\/em>) \u00e8 il tipico strumento utilizzato per svolgere attivit\u00e0 sportiva dilettantistica. Le ragioni di questa scelta sono essenzialmente di due tipi: maggiore semplicit\u00e0 ed economicit\u00e0 nelle fasi di costituzione e gestione e significativi vantaggi fiscali.\u00a0Per godere dei benefici fiscali previsti dalla legge, l\u2019associazione sportiva dilettantistica (siglata A.S.D.) deve rispettare i seguenti requisiti:<\/p>\n<ul>\n<li>divieto di distribuire utili o capitale durante la vita dell\u2019associazione;<\/li>\n<li>inserimento dell\u2019indicazione \u201csportiva dilettantistica\u201d nella denominazione sociale;<\/li>\n<li>obbligo di devolvere il patrimonio residuo, in caso di scioglimento dell\u2019associazione, a enti con finalit\u00e0 sportive, sentito l\u2019apposito organismo di controllo;<\/li>\n<li>disciplina uniforme del rapporto associativo;<\/li>\n<li>divieto di soci temporanei;<\/li>\n<li>obbligo di redigere ed approvare un rendiconto economico e finanziario;<\/li>\n<li>libera eleggibilit\u00e0 degli organi amministrativi e principio del voto singolo;<\/li>\n<li>divieto per gli amministratori di ricoprire cariche del medesimo genere in altre societ\u00e0 o associazioni sportive dilettantistiche;<\/li>\n<li>criteri di ammissione ed esclusione degli associati e idonee forme di pubblicit\u00e0 delle convocazioni, delle delibere e dei bilanci;<\/li>\n<li>intrasmissibilit\u00e0 della quota e sua non rivalutabilit\u00e0.<\/li>\n<\/ul>\n","protected":false},"excerpt":{"rendered":"<p>Il Presidente Michele Torella comunica che l\u2019Assemblea Ordinaria Annuale dei Soci dell\u2019Accademia Scherma Marchesa A.S.D., secondo quanto disposto dallo statuto vigente, \u00e8 indetta in prima convocazione il giorno Luned\u00ec 26 Gennaio 2015 alle ore 13.00 e, non raggiungendo il numero legale, in seconda convocazione Marted\u00ec 27 Gennaio 2015 alle ore 18.30 presso la Direzione dell\u2019Accademia [&hellip;]<\/p>\n","protected":false},"author":6,"featured_media":7297,"comment_status":"open","ping_status":"closed","sticky":false,"template":"","format":"standard","meta":{"_mi_skip_tracking":false,"_monsterinsights_sitenote_active":false,"_monsterinsights_sitenote_note":"","_monsterinsights_sitenote_category":0},"categories":[14,7,12],"tags":[],"views":1559,"_links":{"self":[{"href":"https:\/\/www.scherma.torino.it\/index.php?rest_route=\/wp\/v2\/posts\/7290"}],"collection":[{"href":"https:\/\/www.scherma.torino.it\/index.php?rest_route=\/wp\/v2\/posts"}],"about":[{"href":"https:\/\/www.scherma.torino.it\/index.php?rest_route=\/wp\/v2\/types\/post"}],"author":[{"embeddable":true,"href":"https:\/\/www.scherma.torino.it\/index.php?rest_route=\/wp\/v2\/users\/6"}],"replies":[{"embeddable":true,"href":"https:\/\/www.scherma.torino.it\/index.php?rest_route=%2Fwp%2Fv2%2Fcomments&post=7290"}],"version-history":[{"count":10,"href":"https:\/\/www.scherma.torino.it\/index.php?rest_route=\/wp\/v2\/posts\/7290\/revisions"}],"predecessor-version":[{"id":7301,"href":"https:\/\/www.scherma.torino.it\/index.php?rest_route=\/wp\/v2\/posts\/7290\/revisions\/7301"}],"wp:featuredmedia":[{"embeddable":true,"href":"https:\/\/www.scherma.torino.it\/index.php?rest_route=\/wp\/v2\/media\/7297"}],"wp:attachment":[{"href":"https:\/\/www.scherma.torino.it\/index.php?rest_route=%2Fwp%2Fv2%2Fmedia&parent=7290"}],"wp:term":[{"taxonomy":"category","embeddable":true,"href":"https:\/\/www.scherma.torino.it\/index.php?rest_route=%2Fwp%2Fv2%2Fcategories&post=7290"},{"taxonomy":"post_tag","embeddable":true,"href":"https:\/\/www.scherma.torino.it\/index.php?rest_route=%2Fwp%2Fv2%2Ftags&post=7290"}],"curies":[{"name":"wp","href":"https:\/\/api.w.org\/{rel}","templated":true}]}}