{"id":7037,"date":"2014-11-20T00:38:50","date_gmt":"2014-11-19T23:38:50","guid":{"rendered":"http:\/\/www.scherma.torino.it\/?p=7037"},"modified":"2014-11-20T01:12:10","modified_gmt":"2014-11-20T00:12:10","slug":"circuito-europeo-cadetti-altre-medaglie-per-i-ragazzi-della-marchesa","status":"publish","type":"post","link":"https:\/\/www.scherma.torino.it\/?p=7037","title":{"rendered":"Circuito Europeo cadetti, altre medaglie per i ragazzi della Marchesa."},"content":{"rendered":"<p style=\"text-align: justify;\"><a href=\"http:\/\/www.scherma.torino.it\/wp-content\/uploads\/250333_391314644356750_8037688619606228075_n.jpg\"><img decoding=\"async\" loading=\"lazy\" class=\"alignleft  wp-image-7042\" alt=\"250333_391314644356750_8037688619606228075_n\" src=\"http:\/\/www.scherma.torino.it\/wp-content\/uploads\/250333_391314644356750_8037688619606228075_n-300x200.jpg\" width=\"240\" height=\"160\" srcset=\"https:\/\/www.scherma.torino.it\/wp-content\/uploads\/250333_391314644356750_8037688619606228075_n-300x200.jpg 300w, https:\/\/www.scherma.torino.it\/wp-content\/uploads\/250333_391314644356750_8037688619606228075_n.jpg 960w\" sizes=\"(max-width: 240px) 100vw, 240px\" \/><\/a>Li abbiamo seguiti per tre giorni grazie alle foto che <strong>Roberto Zancanella<\/strong> pubblicava sul nostro <em>gruppone Facebook\u00a0<\/em><strong>&#8220;Accademia Scherma Marchesa Experience&#8221;<\/strong>, gi\u00e0 venerd\u00ec dal pulmino che li portava verso il luogo di gara. Sabato abbiamo vissuto la gara di <em>Bonn<\/em> e quella di <em>Heidenheim<\/em> con ansia e partecipazione, attraverso una sorta di <em>&#8220;Tutta la Scherma minuto per minuto<\/em>&#8221; nata spontaneamente su <em>Facebook<\/em> \u00a0con uno scambio di informazioni e commenti tra la <a href=\"http:\/\/www.scherma.torino.it\/wp-content\/uploads\/10393967_391315794356635_4759416698711276946_n.jpg\"><img decoding=\"async\" loading=\"lazy\" class=\"alignright  wp-image-7043\" alt=\"10393967_391315794356635_4759416698711276946_n\" src=\"http:\/\/www.scherma.torino.it\/wp-content\/uploads\/10393967_391315794356635_4759416698711276946_n-300x200.jpg\" width=\"240\" height=\"160\" srcset=\"https:\/\/www.scherma.torino.it\/wp-content\/uploads\/10393967_391315794356635_4759416698711276946_n-300x200.jpg 300w, https:\/\/www.scherma.torino.it\/wp-content\/uploads\/10393967_391315794356635_4759416698711276946_n.jpg 960w\" sizes=\"(max-width: 240px) 100vw, 240px\" \/><\/a><em>Germania<\/em> e <em>Torino<\/em> e alla fine i risultati sono arrivati, con un <strong><em>Bronzo<\/em><\/strong> di <strong>Federico Marenco<\/strong> nella gara individuale e un <strong><em>Oro<\/em><\/strong> di <strong>Amedeo Zancanella<\/strong> nella gara a squadre con <strong>Italia2<\/strong>. Alla gara di Bonn oltre ai due gi\u00e0 citati partecipava anche il neo cadetto <strong>Pietro Varengo<\/strong>, alla sua prima uscita nel <em>Circuito Cadetti,\u00a0<\/em>ma veniamo al resoconto della gara individuale.<\/p>\n<p style=\"text-align: justify;\"><strong><a href=\"http:\/\/www.scherma.torino.it\/wp-content\/uploads\/10600614_391314994356715_8194509290476977674_n.jpg\"><img decoding=\"async\" loading=\"lazy\" class=\"alignleft  wp-image-7046\" alt=\"10600614_391314994356715_8194509290476977674_n\" src=\"http:\/\/www.scherma.torino.it\/wp-content\/uploads\/10600614_391314994356715_8194509290476977674_n-300x200.jpg\" width=\"240\" height=\"160\" srcset=\"https:\/\/www.scherma.torino.it\/wp-content\/uploads\/10600614_391314994356715_8194509290476977674_n-300x200.jpg 300w, https:\/\/www.scherma.torino.it\/wp-content\/uploads\/10600614_391314994356715_8194509290476977674_n.jpg 960w\" sizes=\"(max-width: 240px) 100vw, 240px\" \/><\/a>49\u00b0<\/strong> Con 8 vinte su 12 dopo i due turni a gironi, <strong>Federico<\/strong> iniziava la serie delle dirette battendo il russo\u00a0<em>Egor\u00a0Guzhiev<\/em> con il punteggio di<strong> 14-12<\/strong>, successivamente incontrava e superava\u00a0<em>Emilien\u00a0Chovet<\/em> (FRA) <strong>15-10<\/strong>, il connazionale <em>Domenico Caudo<\/em> <strong>15-7<\/strong> ,\u00a0<em>Devlin\u00a0Stigant<\/em> (GBR) <strong>15-13<\/strong>,<em>\u00a0Matthew\u00a0Dickinson<\/em> (GBR) <strong>15-12<\/strong> e arrivava a giocarsi l&#8217;ingresso in finale contro il fortissimo russo\u00a0<strong>Daniil\u00a0Belianinov<\/strong> che purtroppo aveva la meglio di strettissima misura con un <strong>14-15<\/strong> che portava un p\u00f2 di rammarico ma che non oscurava l&#8217;ottima prestazione fornita dal nostro portacolori.<\/p>\n<p style=\"text-align: justify;\"><strong><a href=\"http:\/\/www.scherma.torino.it\/wp-content\/uploads\/10806332_391315471023334_279554718834741461_n.jpg\"><img decoding=\"async\" loading=\"lazy\" class=\"alignleft  wp-image-7048\" alt=\"10806332_391315471023334_279554718834741461_n\" src=\"http:\/\/www.scherma.torino.it\/wp-content\/uploads\/10806332_391315471023334_279554718834741461_n-300x200.jpg\" width=\"180\" height=\"120\" srcset=\"https:\/\/www.scherma.torino.it\/wp-content\/uploads\/10806332_391315471023334_279554718834741461_n-300x200.jpg 300w, https:\/\/www.scherma.torino.it\/wp-content\/uploads\/10806332_391315471023334_279554718834741461_n.jpg 960w\" sizes=\"(max-width: 180px) 100vw, 180px\" \/><\/a>27\u00b0<\/strong> <strong>Amedeo<\/strong> , che era <strong>29\u00b0<\/strong> dopo la doppia serie di gironi con 9 vinte su 12 ed eliminava nelle dirette<em>\u00a0Sebastian\u00a0Oleak<\/em> (GER) <strong>15-14<\/strong>,\u00a0<em>Gabriel\u00a0Bonferroni<\/em> (SUI) <strong>12-10<\/strong> e poi usciva per i 16 sconfitto da <em>Ivan\u00a0Limarev<\/em> <em>8-15<\/em>.<br \/>\nInfine<strong> 95\u00b0<\/strong> <strong>Pietro<\/strong>, che chiudeva <strong>90\u00b0<\/strong> dopo i gironi (6 su 11), e usciva alla prima diretta per mano del francese\u00a0<em>Yoran\u00a0Vasseur<\/em> con il punteggio di <strong>11-8<\/strong>.<\/p>\n<p style=\"text-align: justify;\"><a href=\"http:\/\/www.scherma.torino.it\/wp-content\/uploads\/10733966_391316084356606_3209951916216710077_n.jpg\"><img decoding=\"async\" loading=\"lazy\" class=\"alignright  wp-image-7050\" alt=\"10733966_391316084356606_3209951916216710077_n\" src=\"http:\/\/www.scherma.torino.it\/wp-content\/uploads\/10733966_391316084356606_3209951916216710077_n-300x200.jpg\" width=\"210\" height=\"140\" srcset=\"https:\/\/www.scherma.torino.it\/wp-content\/uploads\/10733966_391316084356606_3209951916216710077_n-300x200.jpg 300w, https:\/\/www.scherma.torino.it\/wp-content\/uploads\/10733966_391316084356606_3209951916216710077_n.jpg 960w\" sizes=\"(max-width: 210px) 100vw, 210px\" \/><\/a>Nella gara a squadre disputatasi Domenica, <strong>Italia2<\/strong>, formata da <strong>Amedeo Zancanella<\/strong>, <em>Daniel De Mola<\/em>, <em>Davide Canzoneri<\/em> e <em>Lorenzo Toracca,<\/em> portava a casa l&#8217;<strong>Oro<\/strong> dopo una splendida gara culminata con la vittoria su <em>Russia1<\/em> per <strong>45-35<\/strong>, dopo che nel percorso di avvicinamento alla finale aveva eliminato <em>Russia3<\/em> <strong>45-23<\/strong>, <em>Italia4<\/em> <strong>45-41<\/strong> e <em>Italia 3<\/em> <strong>44-40<\/strong>. Nella finalina per il 3 e 4\u00b0 posto <strong>Italia 1<\/strong> (con <strong>Federico Marenco<\/strong>) veniva sconfitta da <em>Italia3<\/em> per <strong>42-45<\/strong>.<\/p>\n<p style=\"text-align: justify;\">Sempre in <em>Germania<\/em>, ad <em>Heidenheim<\/em>, <strong>Cecilia Varengo<\/strong> terminava la gara al <strong>43\u00b0<\/strong> posto, lo stesso della classifica dopo i gironi, terminati con 4 vittorie su 6, superava <em>Aleksandra Stanuch<\/em> (POL) <strong>15-3<\/strong> \u00a0e perdeva con un&#8217;altra polacca, <em>Barbara Piekarska<\/em> <strong>11-15<\/strong> nel tabellone dei 64.<a title=\"\" href=\"http:\/\/www.fencingworldwide.com\/en\/athlete\/124967\/\" data-poload=\"\/en\/minibios\/124967\/14\" data-original-title=\"\"><br \/>\n<\/a><\/p>\n<p style=\"text-align: justify;\"><em>Tutte le foto sono di Roberto Zancanella, purtroppo non abbiamo immagini da Heidenheim. Approfitto anche per ricordare a tutti e soprattutto ai soci non ancora iscritti, che il nostro Gruppone Facebook <strong>&#8220;Accademia Scherma Marchesa Experience&#8221;<\/strong> \u00e8 vivo pi\u00f9 che mai (con oltre 300 iscritti) e che l\u00ec potete trovare info, aggiornamenti sulle nostre attivit\u00e0, risultati delle gare a volte anche in tempo reale e soprattutto tante foto degli atleti, grandi e piccini e che tutti potete partecipare all&#8217;interno di esso. Quindi, che cosa aspettate a iscrivervi?<\/em><\/p>\n","protected":false},"excerpt":{"rendered":"<p>Li abbiamo seguiti per tre giorni grazie alle foto che Roberto Zancanella pubblicava sul nostro gruppone Facebook\u00a0&#8220;Accademia Scherma Marchesa Experience&#8221;, gi\u00e0 venerd\u00ec dal pulmino che li portava verso il luogo di gara. Sabato abbiamo vissuto la gara di Bonn e quella di Heidenheim con ansia e partecipazione, attraverso una sorta di &#8220;Tutta la Scherma minuto [&hellip;]<\/p>\n","protected":false},"author":6,"featured_media":7042,"comment_status":"open","ping_status":"closed","sticky":false,"template":"","format":"standard","meta":{"_mi_skip_tracking":false,"_monsterinsights_sitenote_active":false,"_monsterinsights_sitenote_note":"","_monsterinsights_sitenote_category":0},"categories":[3,4,10],"tags":[],"views":1881,"_links":{"self":[{"href":"https:\/\/www.scherma.torino.it\/index.php?rest_route=\/wp\/v2\/posts\/7037"}],"collection":[{"href":"https:\/\/www.scherma.torino.it\/index.php?rest_route=\/wp\/v2\/posts"}],"about":[{"href":"https:\/\/www.scherma.torino.it\/index.php?rest_route=\/wp\/v2\/types\/post"}],"author":[{"embeddable":true,"href":"https:\/\/www.scherma.torino.it\/index.php?rest_route=\/wp\/v2\/users\/6"}],"replies":[{"embeddable":true,"href":"https:\/\/www.scherma.torino.it\/index.php?rest_route=%2Fwp%2Fv2%2Fcomments&post=7037"}],"version-history":[{"count":11,"href":"https:\/\/www.scherma.torino.it\/index.php?rest_route=\/wp\/v2\/posts\/7037\/revisions"}],"predecessor-version":[{"id":7053,"href":"https:\/\/www.scherma.torino.it\/index.php?rest_route=\/wp\/v2\/posts\/7037\/revisions\/7053"}],"wp:featuredmedia":[{"embeddable":true,"href":"https:\/\/www.scherma.torino.it\/index.php?rest_route=\/wp\/v2\/media\/7042"}],"wp:attachment":[{"href":"https:\/\/www.scherma.torino.it\/index.php?rest_route=%2Fwp%2Fv2%2Fmedia&parent=7037"}],"wp:term":[{"taxonomy":"category","embeddable":true,"href":"https:\/\/www.scherma.torino.it\/index.php?rest_route=%2Fwp%2Fv2%2Fcategories&post=7037"},{"taxonomy":"post_tag","embeddable":true,"href":"https:\/\/www.scherma.torino.it\/index.php?rest_route=%2Fwp%2Fv2%2Ftags&post=7037"}],"curies":[{"name":"wp","href":"https:\/\/api.w.org\/{rel}","templated":true}]}}