{"id":6488,"date":"2014-06-16T21:44:06","date_gmt":"2014-06-16T20:44:06","guid":{"rendered":"http:\/\/www.scherma.torino.it\/?p=6488"},"modified":"2014-06-18T11:05:37","modified_gmt":"2014-06-18T10:05:37","slug":"la-squadra-della-marchesa-13-al-campionato-italiano-giovani-a-squadre-miste","status":"publish","type":"post","link":"https:\/\/www.scherma.torino.it\/?p=6488","title":{"rendered":"La Squadra della Marchesa 13\u00b0 al campionato Italiano Giovani a squadre miste"},"content":{"rendered":"<p style=\"text-align: justify;\"><em><a href=\"http:\/\/www.scherma.torino.it\/wp-content\/uploads\/10402705_322762691211946_7738486722185510495_n.jpg\"><img decoding=\"async\" loading=\"lazy\" class=\"alignleft  wp-image-6501\" alt=\"10402705_322762691211946_7738486722185510495_n\" src=\"http:\/\/www.scherma.torino.it\/wp-content\/uploads\/10402705_322762691211946_7738486722185510495_n.jpg\" width=\"255\" height=\"170\" srcset=\"https:\/\/www.scherma.torino.it\/wp-content\/uploads\/10402705_322762691211946_7738486722185510495_n.jpg 472w, https:\/\/www.scherma.torino.it\/wp-content\/uploads\/10402705_322762691211946_7738486722185510495_n-300x200.jpg 300w\" sizes=\"(max-width: 255px) 100vw, 255px\" \/><\/a>Sabato 7 Giugno<\/em> a <em>Norcia<\/em> si sono disputati i <strong>Campionati Italiani Giovani a Squadre miste<\/strong>. La squadra dell&#8217;<strong>Accademia Scherma<\/strong> <strong>Marchesa<\/strong> composta da <strong>Alice Clerici<\/strong>, <strong>Cecilia Varengo<\/strong>, <strong>Lorenzo Buzzi<\/strong>, <strong>Simone Scarsi<\/strong> e <strong>Amedeo Zancanella<\/strong> si \u00e8 classificata <strong>13\u00b0<\/strong> e ha fallito l&#8217;ingresso nelle prime 8 formazioni perdendo <strong>39-40<\/strong> contro l&#8217;<strong>ASD Sintofarm Scherma Koala<\/strong>, poi giunta <strong>3\u00b0<\/strong>.<\/p>\n<p style=\"text-align: justify;\"><a href=\"http:\/\/www.scherma.torino.it\/wp-content\/uploads\/10450143_322762777878604_6652670115121228035_n.jpg\"><img decoding=\"async\" loading=\"lazy\" class=\"alignright  wp-image-6503\" alt=\"10450143_322762777878604_6652670115121228035_n\" src=\"http:\/\/www.scherma.torino.it\/wp-content\/uploads\/10450143_322762777878604_6652670115121228035_n.jpg\" width=\"226\" height=\"151\" srcset=\"https:\/\/www.scherma.torino.it\/wp-content\/uploads\/10450143_322762777878604_6652670115121228035_n.jpg 768w, https:\/\/www.scherma.torino.it\/wp-content\/uploads\/10450143_322762777878604_6652670115121228035_n-300x200.jpg 300w\" sizes=\"(max-width: 226px) 100vw, 226px\" \/><\/a>In questa stagione le gare a squadre ci hanno riservato grandi soddisfazioni (ragazze promosse in<em> A1<\/em> e vittoria nel <strong>Campionato Regionale GPG dei Ragazzi-Allievi<\/strong>) e cocenti delusioni (ragazzi retrocessi in <strong>B1<\/strong> e, per l&#8217;appunto <strong>13\u00b0<\/strong> posizione per una squadra che era data tra le favorite).<br \/>\nSappiamo anche che nella scherma la gara a squadre porta sulle spalle del tiratore di turno un peso che si \u00a0moltiplica per il numero dei compagni, peso che a volte pu\u00f2 <a href=\"http:\/\/www.scherma.torino.it\/wp-content\/uploads\/10408862_322762741211941_7856103115359961713_n.jpg\"><img decoding=\"async\" loading=\"lazy\" class=\"alignleft  wp-image-6507\" alt=\"10408862_322762741211941_7856103115359961713_n\" src=\"http:\/\/www.scherma.torino.it\/wp-content\/uploads\/10408862_322762741211941_7856103115359961713_n.jpg\" width=\"222\" height=\"147\" srcset=\"https:\/\/www.scherma.torino.it\/wp-content\/uploads\/10408862_322762741211941_7856103115359961713_n.jpg 768w, https:\/\/www.scherma.torino.it\/wp-content\/uploads\/10408862_322762741211941_7856103115359961713_n-300x200.jpg 300w\" sizes=\"(max-width: 222px) 100vw, 222px\" \/><\/a>schiacciare l&#8217;atleta in pedana e a volte pu\u00f2 far s\u00ec che lo stesso schiacci l&#8217;avversario, esempio recentissimo \u00e8 l&#8217;epica rimonta di <strong>Elisa Di Francisca<\/strong> nella finale dei<strong> Campionati Europei di Strasburgo<\/strong>, da <strong>38-44<\/strong> a <strong>45-44<\/strong>, l&#8217;euforia della <strong>Di Francisca<\/strong> e lo sguardo distrutto e perso nel vuoto della <strong>Deriglazova<\/strong>.<br \/>\nLa <em>scherma<\/em> \u00e8 uno sport per cuori forti, \u00e8 lo sport di chi non si arrende mai, lo dico da appassionato che non ha mai praticato ma che ha imparato ad amare sempre pi\u00f9 questa nobile arte restando a contatto con gli atleti e vedendo \u00a0in tanti \u00a0di loro una passione che difficilmente si spegner\u00e0.<br \/>\n<a href=\"http:\/\/www.scherma.torino.it\/wp-content\/uploads\/10418945_10203187214473439_4442322520733741105_n.jpg\"><img decoding=\"async\" loading=\"lazy\" class=\"alignright  wp-image-6511\" alt=\"10418945_10203187214473439_4442322520733741105_n\" src=\"http:\/\/www.scherma.torino.it\/wp-content\/uploads\/10418945_10203187214473439_4442322520733741105_n-300x200.jpg\" width=\"252\" height=\"168\" srcset=\"https:\/\/www.scherma.torino.it\/wp-content\/uploads\/10418945_10203187214473439_4442322520733741105_n-300x200.jpg 300w, https:\/\/www.scherma.torino.it\/wp-content\/uploads\/10418945_10203187214473439_4442322520733741105_n.jpg 960w\" sizes=\"(max-width: 252px) 100vw, 252px\" \/><\/a>Dobbiamo comunque essere riconoscenti, al di l\u00e0 del risultato, a tutte le ragazze e i ragazzi, le bambine e i bambini che hanno fatto parte delle squadre dell&#8217;<strong>Accademia Scherma Marchesa<\/strong>: <strong>Alice<\/strong>, <strong>Sara<\/strong>, <strong>Alice<\/strong>, <strong>Margherita<\/strong>, <strong>Lorenzo<\/strong>, <strong>Simone<\/strong>, <strong>Pau<\/strong>, <strong>Dennis<\/strong>, <strong>Andrea<\/strong>, <strong>Amedeo<\/strong>, <strong>Cecilia<\/strong>, <strong>Roberto<\/strong>, <strong>Stefano,<\/strong>\u00a0<strong>Pietro<\/strong>, <strong>Marco<\/strong>, <strong>Stefano<\/strong>, <strong>Francesco<\/strong>,<strong> Irene<\/strong>, <strong>Lidia<\/strong>, <strong>Alessandra<\/strong>,<strong> Carlotta<\/strong>, <strong>Riccardo<\/strong>, <strong>Paolo<\/strong>, <strong>Marco<\/strong>, <strong>Alice<\/strong>,<strong> Eloise<\/strong>, <strong>Federica<\/strong>, <strong>Giulia<\/strong>, <strong>Ivan<\/strong>,<strong> Fabio<\/strong>, <strong>Vittorio<\/strong> e <strong>Andrea<\/strong> (spero di non aver dimenticato nessuno, altrimenti vi prego di segnalarmelo). Loro hanno gareggiato con lo stemma della<strong> Marchesa<\/strong> sul braccio e sicuramente lo hanno fatto con il massimo impegno, nella prossima stagione verranno altre sfide, sicuramente il mantenimento della <strong>A1<\/strong> per la squadra femminile e il ritorno in <strong>A2<\/strong> per quella maschile saranno gli obiettivi principali, noi siamo qui a sostenervi, a voi il compito di farci sognare!!!!<\/p>\n<p style=\"text-align: justify;\">P.S. L&#8217;ultima foto fa parte di un concorso a premi: Se riuscite a individuare l&#8217;intruso nella foto della squadra Femminile di Spada vincete:&#8230;..la soddisfazione di averlo indovinato&#8230;&#8230;&#8230;o in alternativa un premio a insindacabile scelta dell&#8217;intruso stesso.<\/p>\n<p style=\"text-align: justify;\"><em>Le foto sono dell&#8217;immancabile Roberto Zancanella, ormai 1\u00b0 reporter della Marchesa.<\/em><\/p>\n","protected":false},"excerpt":{"rendered":"<p>Sabato 7 Giugno a Norcia si sono disputati i Campionati Italiani Giovani a Squadre miste. La squadra dell&#8217;Accademia Scherma Marchesa composta da Alice Clerici, Cecilia Varengo, Lorenzo Buzzi, Simone Scarsi e Amedeo Zancanella si \u00e8 classificata 13\u00b0 e ha fallito l&#8217;ingresso nelle prime 8 formazioni perdendo 39-40 contro l&#8217;ASD Sintofarm Scherma Koala, poi giunta 3\u00b0. [&hellip;]<\/p>\n","protected":false},"author":6,"featured_media":6501,"comment_status":"open","ping_status":"closed","sticky":false,"template":"","format":"standard","meta":{"_mi_skip_tracking":false,"_monsterinsights_sitenote_active":false,"_monsterinsights_sitenote_note":"","_monsterinsights_sitenote_category":0},"categories":[3,6,10],"tags":[],"views":1626,"_links":{"self":[{"href":"https:\/\/www.scherma.torino.it\/index.php?rest_route=\/wp\/v2\/posts\/6488"}],"collection":[{"href":"https:\/\/www.scherma.torino.it\/index.php?rest_route=\/wp\/v2\/posts"}],"about":[{"href":"https:\/\/www.scherma.torino.it\/index.php?rest_route=\/wp\/v2\/types\/post"}],"author":[{"embeddable":true,"href":"https:\/\/www.scherma.torino.it\/index.php?rest_route=\/wp\/v2\/users\/6"}],"replies":[{"embeddable":true,"href":"https:\/\/www.scherma.torino.it\/index.php?rest_route=%2Fwp%2Fv2%2Fcomments&post=6488"}],"version-history":[{"count":26,"href":"https:\/\/www.scherma.torino.it\/index.php?rest_route=\/wp\/v2\/posts\/6488\/revisions"}],"predecessor-version":[{"id":6533,"href":"https:\/\/www.scherma.torino.it\/index.php?rest_route=\/wp\/v2\/posts\/6488\/revisions\/6533"}],"wp:featuredmedia":[{"embeddable":true,"href":"https:\/\/www.scherma.torino.it\/index.php?rest_route=\/wp\/v2\/media\/6501"}],"wp:attachment":[{"href":"https:\/\/www.scherma.torino.it\/index.php?rest_route=%2Fwp%2Fv2%2Fmedia&parent=6488"}],"wp:term":[{"taxonomy":"category","embeddable":true,"href":"https:\/\/www.scherma.torino.it\/index.php?rest_route=%2Fwp%2Fv2%2Fcategories&post=6488"},{"taxonomy":"post_tag","embeddable":true,"href":"https:\/\/www.scherma.torino.it\/index.php?rest_route=%2Fwp%2Fv2%2Ftags&post=6488"}],"curies":[{"name":"wp","href":"https:\/\/api.w.org\/{rel}","templated":true}]}}