{"id":6333,"date":"2014-05-06T22:55:22","date_gmt":"2014-05-06T21:55:22","guid":{"rendered":"http:\/\/www.scherma.torino.it\/?p=6333"},"modified":"2014-05-06T22:58:22","modified_gmt":"2014-05-06T21:58:22","slug":"gpg-di-riccione-grande-partecipazione-e-buoni-risultati","status":"publish","type":"post","link":"https:\/\/www.scherma.torino.it\/?p=6333","title":{"rendered":"GPG di Riccione, Grande partecipazione e buoni risultati."},"content":{"rendered":"<p style=\"text-align: justify;\"><a href=\"http:\/\/www.scherma.torino.it\/wp-content\/uploads\/10313049_10152916483618018_6542831010319245429_n.jpg\"><img decoding=\"async\" loading=\"lazy\" class=\"alignleft  wp-image-6338\" alt=\"10313049_10152916483618018_6542831010319245429_n\" src=\"http:\/\/www.scherma.torino.it\/wp-content\/uploads\/10313049_10152916483618018_6542831010319245429_n-201x300.jpg\" width=\"121\" height=\"180\" srcset=\"https:\/\/www.scherma.torino.it\/wp-content\/uploads\/10313049_10152916483618018_6542831010319245429_n-201x300.jpg 201w, https:\/\/www.scherma.torino.it\/wp-content\/uploads\/10313049_10152916483618018_6542831010319245429_n.jpg 646w\" sizes=\"(max-width: 121px) 100vw, 121px\" \/><\/a><a href=\"http:\/\/www.scherma.torino.it\/wp-content\/uploads\/10320549_10152912926278018_2702331090944377247_n.jpg\"><img decoding=\"async\" loading=\"lazy\" class=\"alignright  wp-image-6339\" alt=\"10320549_10152912926278018_2702331090944377247_n\" src=\"http:\/\/www.scherma.torino.it\/wp-content\/uploads\/10320549_10152912926278018_2702331090944377247_n-214x300.jpg\" width=\"128\" height=\"180\" srcset=\"https:\/\/www.scherma.torino.it\/wp-content\/uploads\/10320549_10152912926278018_2702331090944377247_n-214x300.jpg 214w, https:\/\/www.scherma.torino.it\/wp-content\/uploads\/10320549_10152912926278018_2702331090944377247_n.jpg 686w\" sizes=\"(max-width: 128px) 100vw, 128px\" \/><\/a>Si \u00e8 conclusa a <em>Riccione<\/em> la <strong>51\u00b0<\/strong> edizione del <strong>&#8220;Gran Premio Giovanissimi Renzo Nostini&#8221;<\/strong>, <em>Trofeo Kinder+Sport<\/em>.<strong> L&#8217;Accademia Scherma Marchesa<\/strong> porta a casa il <strong>3\u00b0<\/strong> posto di <strong>Marco Paganelli<\/strong> nella categoria <em>Maschietti<\/em> e l&#8217;<strong>8\u00b0<\/strong> di <strong>Pietro Varengo<\/strong> nella categoria <em>Allievi<\/em>.<\/p>\n<p style=\"text-align: justify;\"><a href=\"http:\/\/www.scherma.torino.it\/wp-content\/uploads\/10155083_10152915400193018_2040128845753021911_n.jpg\"><img decoding=\"async\" loading=\"lazy\" class=\"alignleft  wp-image-6343\" alt=\"10155083_10152915400193018_2040128845753021911_n\" src=\"http:\/\/www.scherma.torino.it\/wp-content\/uploads\/10155083_10152915400193018_2040128845753021911_n-300x230.jpg\" width=\"180\" height=\"138\" srcset=\"https:\/\/www.scherma.torino.it\/wp-content\/uploads\/10155083_10152915400193018_2040128845753021911_n-300x230.jpg 300w, https:\/\/www.scherma.torino.it\/wp-content\/uploads\/10155083_10152915400193018_2040128845753021911_n.jpg 960w\" sizes=\"(max-width: 180px) 100vw, 180px\" \/><\/a>Altri buoni piazzamenti vengono da <strong>Alice Boggione<\/strong>, <strong>13\u00b0<\/strong> nella categoria <em>Bambine<\/em>, da <strong>Lidia Donzellini<\/strong>, <strong>18\u00b0<\/strong> nelle <em>Allieve<\/em>, da <strong>Paolo De Bastiani<\/strong>, <strong>20\u00b0<\/strong> nei M<em>aschietti<\/em>, da <strong>Marco Digani<\/strong>, <strong>28\u00b0<\/strong> nei <em>Ragazzi<\/em> e da <strong>Eloise Michaud<\/strong>, <strong>32\u00b0<\/strong> nelle<em> Bambine<\/em>. In tutto sono stati <strong>27<a href=\"http:\/\/www.scherma.torino.it\/wp-content\/uploads\/10338755_10203003581362726_7437033445729493035_n.jpg\"><img decoding=\"async\" loading=\"lazy\" class=\"alignright  wp-image-6345\" alt=\"10338755_10203003581362726_7437033445729493035_n\" src=\"http:\/\/www.scherma.torino.it\/wp-content\/uploads\/10338755_10203003581362726_7437033445729493035_n-300x225.jpg\" width=\"180\" height=\"135\" srcset=\"https:\/\/www.scherma.torino.it\/wp-content\/uploads\/10338755_10203003581362726_7437033445729493035_n-300x225.jpg 300w, https:\/\/www.scherma.torino.it\/wp-content\/uploads\/10338755_10203003581362726_7437033445729493035_n.jpg 960w\" sizes=\"(max-width: 180px) 100vw, 180px\" \/><\/a><\/strong> \u00a0i giovani atleti e le giovani atlete partecipanti per i nostri colori, seguiti dal Maestro <strong>Dario Chiad\u00f2<\/strong> e dagli istruttori nazionali <strong>Mauro Regano<\/strong>, <strong>Andrea Pelissetti<\/strong> e \u00a0<strong>Alice<\/strong> <strong>Manni<\/strong> e, da pi\u00f9 lontano, da mamme e pap\u00e0 trepidanti.<\/p>\n<p style=\"text-align: justify;\"><a href=\"http:\/\/www.scherma.torino.it\/wp-content\/uploads\/10295814_250984895107768_5139901694600409492_n.jpg\"><img decoding=\"async\" loading=\"lazy\" class=\"alignleft  wp-image-6348\" alt=\"10295814_250984895107768_5139901694600409492_n\" src=\"http:\/\/www.scherma.torino.it\/wp-content\/uploads\/10295814_250984895107768_5139901694600409492_n-300x200.jpg\" width=\"240\" height=\"160\" srcset=\"https:\/\/www.scherma.torino.it\/wp-content\/uploads\/10295814_250984895107768_5139901694600409492_n-300x200.jpg 300w, https:\/\/www.scherma.torino.it\/wp-content\/uploads\/10295814_250984895107768_5139901694600409492_n.jpg 960w\" sizes=\"(max-width: 240px) 100vw, 240px\" \/><\/a>Un buon bilancio che testimonia la crescita di molti giovanissimi, che quest&#8217;anno \u00e8 andata di pari passo con quella degli atleti delle altre categorie. Un trend positivo che pu\u00f2 continuare nelle future stagioni perch\u00e8 c&#8217;\u00e8 la sensazione di aver seminato bene e di aver lasciato il segno.<\/p>\n<p style=\"text-align: justify;\">Nei prossimi giorni seguiranno gli articoli dettagliati sulle gare del GPG.\u00a0<b><a href=\"http:\/\/www.federscherma.it\/news.asp?i=107254&amp;s=7\"><br \/>\n<\/a><\/b><\/p>\n<p style=\"text-align: justify;\"><em>Le foto sono di Augusto Bizzi e Marco Amateis, la foto delle allieve ci \u00e8 stata mandata da Irene Regano<\/em><\/p>\n<p>&nbsp;<\/p>\n","protected":false},"excerpt":{"rendered":"<p>Si \u00e8 conclusa a Riccione la 51\u00b0 edizione del &#8220;Gran Premio Giovanissimi Renzo Nostini&#8221;, Trofeo Kinder+Sport. L&#8217;Accademia Scherma Marchesa porta a casa il 3\u00b0 posto di Marco Paganelli nella categoria Maschietti e l&#8217;8\u00b0 di Pietro Varengo nella categoria Allievi. Altri buoni piazzamenti vengono da Alice Boggione, 13\u00b0 nella categoria Bambine, da Lidia Donzellini, 18\u00b0 nelle [&hellip;]<\/p>\n","protected":false},"author":6,"featured_media":6338,"comment_status":"open","ping_status":"closed","sticky":false,"template":"","format":"standard","meta":{"_mi_skip_tracking":false,"_monsterinsights_sitenote_active":false,"_monsterinsights_sitenote_note":"","_monsterinsights_sitenote_category":0},"categories":[3,6,10],"tags":[],"views":1881,"_links":{"self":[{"href":"https:\/\/www.scherma.torino.it\/index.php?rest_route=\/wp\/v2\/posts\/6333"}],"collection":[{"href":"https:\/\/www.scherma.torino.it\/index.php?rest_route=\/wp\/v2\/posts"}],"about":[{"href":"https:\/\/www.scherma.torino.it\/index.php?rest_route=\/wp\/v2\/types\/post"}],"author":[{"embeddable":true,"href":"https:\/\/www.scherma.torino.it\/index.php?rest_route=\/wp\/v2\/users\/6"}],"replies":[{"embeddable":true,"href":"https:\/\/www.scherma.torino.it\/index.php?rest_route=%2Fwp%2Fv2%2Fcomments&post=6333"}],"version-history":[{"count":14,"href":"https:\/\/www.scherma.torino.it\/index.php?rest_route=\/wp\/v2\/posts\/6333\/revisions"}],"predecessor-version":[{"id":6353,"href":"https:\/\/www.scherma.torino.it\/index.php?rest_route=\/wp\/v2\/posts\/6333\/revisions\/6353"}],"wp:featuredmedia":[{"embeddable":true,"href":"https:\/\/www.scherma.torino.it\/index.php?rest_route=\/wp\/v2\/media\/6338"}],"wp:attachment":[{"href":"https:\/\/www.scherma.torino.it\/index.php?rest_route=%2Fwp%2Fv2%2Fmedia&parent=6333"}],"wp:term":[{"taxonomy":"category","embeddable":true,"href":"https:\/\/www.scherma.torino.it\/index.php?rest_route=%2Fwp%2Fv2%2Fcategories&post=6333"},{"taxonomy":"post_tag","embeddable":true,"href":"https:\/\/www.scherma.torino.it\/index.php?rest_route=%2Fwp%2Fv2%2Ftags&post=6333"}],"curies":[{"name":"wp","href":"https:\/\/api.w.org\/{rel}","templated":true}]}}