{"id":5588,"date":"2014-01-14T13:58:13","date_gmt":"2014-01-14T12:58:13","guid":{"rendered":"http:\/\/www.scherma.torino.it\/?p=5588"},"modified":"2014-01-15T23:50:25","modified_gmt":"2014-01-15T22:50:25","slug":"ariccia-zancanella-clerici-e-varengo-qualificati-per-i-campionati-italiani-giovani","status":"publish","type":"post","link":"https:\/\/www.scherma.torino.it\/?p=5588","title":{"rendered":"Ariccia. Zancanella ,Clerici e Varengo qualificati per i campionati italiani giovani"},"content":{"rendered":"<p style=\"text-align: justify;\"><strong><br \/>\n<a href=\"http:\/\/www.scherma.torino.it\/wp-content\/uploads\/1488019_10202263485620795_359795084_n.jpg\"><img decoding=\"async\" loading=\"lazy\" class=\"alignleft size-thumbnail wp-image-5597\" alt=\"1488019_10202263485620795_359795084_n\" src=\"http:\/\/www.scherma.torino.it\/wp-content\/uploads\/1488019_10202263485620795_359795084_n-150x150.jpg\" width=\"150\" height=\"150\" \/><\/a>Amedeo Zancanella 11\u00b0<\/strong> nella <em>Spada maschile<\/em>, <strong>Alice Clerici 6\u00b0<\/strong> e <strong>Cecilia Varengo 26\u00b0<\/strong> nella <em>Spada femminile<\/em>, questi gli atleti qualificati per i <em>Campionati Italiani Giovani in programma a Udine dal 7 al 9 Febbraio<\/em>.<\/p>\n<p style=\"text-align: justify;\">Cominciamo dalla gara maschile che era in programma <em>sabato \u00a011 gennaio<\/em>. <strong>&#8220;Garone&#8221;<\/strong> di <strong>Amedeo Zancanella<\/strong>, 2\u00b0 anno cadetti, che strappa il biglietto per Udine con un <strong>11\u00b0<\/strong> posto che lo classifica<strong> 1\u00b0<\/strong> tra i cadetti partecipanti alla gara. <strong>Amedeo<\/strong> era <strong>23\u00b0<\/strong> dopo i gironi con 5 vittorie su 6 e andava di diritto ai 64\u00b0 di <a href=\"http:\/\/www.scherma.torino.it\/wp-content\/uploads\/1535539_10202263479940653_1975592410_n.jpg\"><img decoding=\"async\" loading=\"lazy\" class=\"alignright size-thumbnail wp-image-5599\" alt=\"1535539_10202263479940653_1975592410_n\" src=\"http:\/\/www.scherma.torino.it\/wp-content\/uploads\/1535539_10202263479940653_1975592410_n-150x150.jpg\" width=\"150\" height=\"150\" \/><\/a>finale dove aveva la meglio su <em>Gabriele Vezzani<\/em> (Asd Scherma Koala) <strong>15-10<\/strong> per poi continuare la sua corsa nei 32\u00b0 ai danni di <em>Fabio Barbara<\/em> (Ass. Scherma Bresso) <strong>15-12<\/strong>, nei 16\u00b0 battendo <em>Alberto Candida De Matteo<\/em> (Club Scherma Pisa Di Ciolo) <strong>15-11<\/strong>, unico a batterlo nei gironi <strong>5-4<\/strong>, e arrivava a un soffio dall&#8217; ingresso nei primi 8 atleti perdendo negli ottavi di finale contro <strong>Alexei Efrosinin<\/strong> <strong>13-15<\/strong> (Circolo Schermistico Forlivese).<br \/>\nPurtroppo il <strong>43\u00b0<\/strong> posto di <strong>Lorenzo Buzzi<\/strong>, il <strong>65\u00b0<\/strong> di <strong>Simone Scarsi<\/strong> e il <strong>187\u00b0<\/strong> di <strong>Andrea Borlengo<\/strong> non permettono a nessun altro dei nostri ragazzi la qualificazione ai <em>Campionati Italiani<\/em>, ma siamo certi che questa battuta d&#8217;arresto non ci priver\u00e0 di altre grandi soddisfazioni, l&#8217;impegno non \u00e8 mancato, la classe c&#8217;\u00e8, altri ottimi risultati verranno.<br \/>\n<a href=\"http:\/\/www.scherma.torino.it\/wp-content\/uploads\/1526135_10202263458260111_2136355184_n.jpg\"><img decoding=\"async\" loading=\"lazy\" class=\"alignleft  wp-image-5603\" alt=\"1526135_10202263458260111_2136355184_n\" src=\"http:\/\/www.scherma.torino.it\/wp-content\/uploads\/1526135_10202263458260111_2136355184_n-200x300.jpg\" width=\"112\" height=\"168\" srcset=\"https:\/\/www.scherma.torino.it\/wp-content\/uploads\/1526135_10202263458260111_2136355184_n-200x300.jpg 200w, https:\/\/www.scherma.torino.it\/wp-content\/uploads\/1526135_10202263458260111_2136355184_n.jpg 640w\" sizes=\"(max-width: 112px) 100vw, 112px\" \/><\/a><strong>Lorenzo<\/strong> era <strong>44\u00b0<\/strong> dopo i gironi con 5 vittorie su 6 e superava i <strong>128\u00b0<\/strong> di finale battendo <em>Lorenzo Michele<\/em> (Gymnasium Sabati Asd) <strong>15-9<\/strong>, superava <em>Domenico Caudo<\/em> (Fiamme Oro Roma)<strong> 15-7<\/strong> e veniva sconfitto per una sola stoccata <strong>14-15<\/strong> da <em>Luca Bellomi<\/em> (Circolo Scherma Imola).<br \/>\nPer <strong>Simone Scarsi<\/strong> l&#8217;inizio era col botto con il primo posto dopo i gironi con l&#8217;<em>en plein<\/em> di 6 vittorie ma purtroppo si fermava al primo ostacolo sconfitto da <em>Simone Sortino<\/em><strong> 13-15<\/strong> (Club Scherma Acireale).<br \/>\nInfine Andrea Borlengo, <strong>172\u00b0<\/strong> dopo i gironi con 3 vittorie su 3 e sconfitto nei 128\u00b0 di finale da <em>Simone Sortino<\/em>\u00a0\u00a0<strong>13-15<\/strong>.<\/p>\n<p style=\"text-align: justify;\"><a href=\"http:\/\/www.scherma.torino.it\/wp-content\/uploads\/1185483_10202263496421065_1141330281_n.jpg\"><img decoding=\"async\" loading=\"lazy\" class=\"alignleft  wp-image-5606\" alt=\"1185483_10202263496421065_1141330281_n\" src=\"http:\/\/www.scherma.torino.it\/wp-content\/uploads\/1185483_10202263496421065_1141330281_n-300x200.jpg\" width=\"210\" height=\"140\" srcset=\"https:\/\/www.scherma.torino.it\/wp-content\/uploads\/1185483_10202263496421065_1141330281_n-300x200.jpg 300w, https:\/\/www.scherma.torino.it\/wp-content\/uploads\/1185483_10202263496421065_1141330281_n.jpg 960w\" sizes=\"(max-width: 210px) 100vw, 210px\" \/><\/a>Non \u00e8 pi\u00f9 una sorpresa invece il <strong>6\u00b0<\/strong> posto di <strong>Alice Clerici<\/strong>, che ieri sera si dichiarava delusa per non aver tirato al meglio. Noi possiamo solo dire <em>&#8220;Forza Alice!!!!&#8221;<\/em>, siamo sicuri che il meglio lo terrai per la finale Giovani di Udine. <strong>12\u00b0<\/strong> dopo i gironi con 5 vittorie su 5, <strong>Alice<\/strong> partiva dai <strong>128\u00b0<\/strong> di finale dove batteva <em>Alessandra Frezza<\/em> (Gymnasium Sabati Asd) 15-8 per poi eliminare successivamente <em>Elena Speziale<\/em> ( Fiamme Oro Roma) <strong>15-7<\/strong>, <em>Giorgia Forte<\/em> (Club Scherma Formia) <strong>15-7<\/strong>, <em>Sara Mattei Gentili<\/em> (Cds Mangiarotti Asd) <strong>15-14<\/strong> e fermarsi infine davanti alla vincitrice della gara, <em>Giorgia Pometti<\/em> (Club Scherma Acireale) che la sconfiggeva per <strong>15-12<\/strong>.<a href=\"http:\/\/www.scherma.torino.it\/wp-content\/uploads\/9828_10202263497541093_890212403_n.jpg\"><img decoding=\"async\" loading=\"lazy\" class=\"alignright  wp-image-5607\" alt=\"9828_10202263497541093_890212403_n\" src=\"http:\/\/www.scherma.torino.it\/wp-content\/uploads\/9828_10202263497541093_890212403_n-300x200.jpg\" width=\"180\" height=\"120\" srcset=\"https:\/\/www.scherma.torino.it\/wp-content\/uploads\/9828_10202263497541093_890212403_n-300x200.jpg 300w, https:\/\/www.scherma.torino.it\/wp-content\/uploads\/9828_10202263497541093_890212403_n.jpg 960w\" sizes=\"(max-width: 180px) 100vw, 180px\" \/><\/a><br \/>\nPer Cecilia Varengo invece, (<strong>26\u00b0)<\/strong>\u00a0un girone con 4 vittorie e 2 sconfitte e il <strong>49\u00b0<\/strong> posto. Vittoria con <em>Carolina Cosentino<\/em> (Acc. d&#8217;Armi Musumeci Greco) <strong>15-11<\/strong> nei 128\u00b0 di finale, con <em>Laura Caiazza<\/em> (C.S. <a href=\"http:\/\/www.scherma.torino.it\/wp-content\/uploads\/1517617_10202263495941053_1464659547_n.jpg\"><img decoding=\"async\" loading=\"lazy\" class=\"alignleft  wp-image-5609\" alt=\"1517617_10202263495941053_1464659547_n\" src=\"http:\/\/www.scherma.torino.it\/wp-content\/uploads\/1517617_10202263495941053_1464659547_n-300x200.jpg\" width=\"180\" height=\"120\" srcset=\"https:\/\/www.scherma.torino.it\/wp-content\/uploads\/1517617_10202263495941053_1464659547_n-300x200.jpg 300w, https:\/\/www.scherma.torino.it\/wp-content\/uploads\/1517617_10202263495941053_1464659547_n.jpg 960w\" sizes=\"(max-width: 180px) 100vw, 180px\" \/><\/a>Nedo Nadi)<strong> 15-8<\/strong> nei 64\u00b0 e sconfitta e conseguente eliminazione nei 32\u00b0 contro <em>Giovanna Fortunato<\/em>\u00a0(Club Scherma Roma) all&#8217;ultima stoccata <strong>14-15<\/strong>.<\/p>\n<p style=\"text-align: justify;\">Le fotografie dell&#8217;articolo sono di <em>Roberto Zancanella<\/em> e come sempre ci fanno sentire un p\u00f2 pi\u00f9 vicini ai nostri atleti. Questa volta con molto piacere ho inserito anche quelle scattate fuori dalla gara perch\u00e8 danno l&#8217;idea di che cosa intendiamo alla <strong>Marchesa<\/strong> quando parliamo di <strong>Sport<\/strong> e <strong>Amicizia<\/strong>;<em> &#8220;Affamati di medaglie si, ma anche di pasta e di belle serate passate insieme&#8221;<\/em>.<\/p>\n","protected":false},"excerpt":{"rendered":"<p>Amedeo Zancanella 11\u00b0 nella Spada maschile, Alice Clerici 6\u00b0 e Cecilia Varengo 26\u00b0 nella Spada femminile, questi gli atleti qualificati per i Campionati Italiani Giovani in programma a Udine dal 7 al 9 Febbraio. Cominciamo dalla gara maschile che era in programma sabato \u00a011 gennaio. &#8220;Garone&#8221; di Amedeo Zancanella, 2\u00b0 anno cadetti, che strappa il [&hellip;]<\/p>\n","protected":false},"author":6,"featured_media":5609,"comment_status":"open","ping_status":"closed","sticky":false,"template":"","format":"standard","meta":{"_mi_skip_tracking":false,"_monsterinsights_sitenote_active":false,"_monsterinsights_sitenote_note":"","_monsterinsights_sitenote_category":0},"categories":[3,6,10],"tags":[],"views":2144,"_links":{"self":[{"href":"https:\/\/www.scherma.torino.it\/index.php?rest_route=\/wp\/v2\/posts\/5588"}],"collection":[{"href":"https:\/\/www.scherma.torino.it\/index.php?rest_route=\/wp\/v2\/posts"}],"about":[{"href":"https:\/\/www.scherma.torino.it\/index.php?rest_route=\/wp\/v2\/types\/post"}],"author":[{"embeddable":true,"href":"https:\/\/www.scherma.torino.it\/index.php?rest_route=\/wp\/v2\/users\/6"}],"replies":[{"embeddable":true,"href":"https:\/\/www.scherma.torino.it\/index.php?rest_route=%2Fwp%2Fv2%2Fcomments&post=5588"}],"version-history":[{"count":24,"href":"https:\/\/www.scherma.torino.it\/index.php?rest_route=\/wp\/v2\/posts\/5588\/revisions"}],"predecessor-version":[{"id":5615,"href":"https:\/\/www.scherma.torino.it\/index.php?rest_route=\/wp\/v2\/posts\/5588\/revisions\/5615"}],"wp:featuredmedia":[{"embeddable":true,"href":"https:\/\/www.scherma.torino.it\/index.php?rest_route=\/wp\/v2\/media\/5609"}],"wp:attachment":[{"href":"https:\/\/www.scherma.torino.it\/index.php?rest_route=%2Fwp%2Fv2%2Fmedia&parent=5588"}],"wp:term":[{"taxonomy":"category","embeddable":true,"href":"https:\/\/www.scherma.torino.it\/index.php?rest_route=%2Fwp%2Fv2%2Fcategories&post=5588"},{"taxonomy":"post_tag","embeddable":true,"href":"https:\/\/www.scherma.torino.it\/index.php?rest_route=%2Fwp%2Fv2%2Ftags&post=5588"}],"curies":[{"name":"wp","href":"https:\/\/api.w.org\/{rel}","templated":true}]}}