{"id":3828,"date":"2013-02-09T22:32:11","date_gmt":"2013-02-09T21:32:11","guid":{"rendered":"http:\/\/www.scherma.torino.it\/?p=3828"},"modified":"2013-08-28T08:59:06","modified_gmt":"2013-08-28T07:59:06","slug":"campionati-italiani-giovani-alice-clerici-10ma-cecilia-varengo-32ma","status":"publish","type":"post","link":"https:\/\/www.scherma.torino.it\/?p=3828","title":{"rendered":"CAMPIONATI ITALIANI GIOVANI: ALICE CLERICI 10MA CECILIA VARENGO 32MA"},"content":{"rendered":"<p>Vincere non \u00e8 facile, confermarsi \u00e8 pi\u00f9 difficile, confermare il valore di un ottimo risultato ad un solo giorno di distanza, al cospetto di avversarie di maggiore esperienza, con ancora in corpo le \u201ctossine\u201d fisiche e mentali della giornata precedente \u00e8 pi\u00f9 difficile ancora. Eppure Alice Clerici ci \u00e8 riuscita. Il 10\u00b0 posto della gara di oggi ai campionati Italiani giovani ad Udine, il giorno dopo della trionfale vittoria del titolo Cadetti di ieri \u00e8 questo. Una importante conferma. Perch\u00e9 \u00e8 arrivata immediatamente, al cospetto di avversarie di maggiore et\u00e0 ed esperienza, e con una sola atleta della propria categoria di et\u00e0 che l\u2019ha preceduta nella classifica finale. Alice (classe 1996) ha ceduto, nel tabellone delle 16 alla forte spadista della Bergamasca Scherma, Lorenza Baroli (classe 1994), confermando il 10\u00b0 posto del tabellone delle dirette acquisito dopo il turno dei gironi di qualificazione. Un risultato di tutto prestigio, proprio per le motivazioni addotte prima. Nel turno precedente l\u2019allieva del Maestro Chiad\u00f2 aveva avuto la meglio (15 a 9) sulla Ravennate Isabella Signani.<\/p>\n<p>La Baroli, dopo avere eliminato la Clerici \u00e8 salita sino al secondo gradino del podio, sconfitta in finale dalla fortissima siciliana Alberta Santuccio (classe 1994) che si \u00e8 cos\u00ec laureata campionessa italiana di spada femminile Giovani. Per l&#8217;atleta allenata dal maestro Patti si tratta del settimo titolo tricolore conquistato nell&#8217;ancora breve carriera.<\/p>\n<p>Proprio la Santuccio era stata protagonista della eliminazione della seconda atleta della Marchesa scesa in pedana sabato ad Udine, Cecilia Varengo, eliminata dalla siciliana in forza alle Fiamme Oro nel turno del tabellone delle 32. Per la Varengo, classe 1998 al primo anno tra le cadette, essersi qualificata per queste finali Giovani, avere passato il probante turno di qualificazione dei gironi ed avere avuto accesso tra le prime 32 atlete di Italia \u00e8 certamente un risultato di grande spessore, oltretutto ottenuto con una spalla, quella della mano armata, in sofferenza per una botta fortuita ricevuta nei giorni passati, che non pu\u00f2 che far ben sperare per la carriera di questa giovanissima spadista allenata da Mauro Regano e per il futuro delle lame \u201cin rosa\u201d dell\u2019Accademia Scherma Marchesa.<\/p>\n","protected":false},"excerpt":{"rendered":"<p>Vincere non \u00e8 facile, confermarsi \u00e8 pi\u00f9 difficile, confermare il valore di un ottimo risultato ad un solo giorno di distanza, al cospetto di avversarie di maggiore esperienza, con ancora in corpo le \u201ctossine\u201d fisiche e mentali della giornata precedente \u00e8 pi\u00f9 difficile ancora. Eppure Alice Clerici ci \u00e8 riuscita. Il 10\u00b0 posto della gara [&hellip;]<\/p>\n","protected":false},"author":7,"featured_media":0,"comment_status":"open","ping_status":"closed","sticky":false,"template":"","format":"standard","meta":{"_mi_skip_tracking":false,"_monsterinsights_sitenote_active":false,"_monsterinsights_sitenote_note":"","_monsterinsights_sitenote_category":0},"categories":[3,6,10],"tags":[],"views":1364,"_links":{"self":[{"href":"https:\/\/www.scherma.torino.it\/index.php?rest_route=\/wp\/v2\/posts\/3828"}],"collection":[{"href":"https:\/\/www.scherma.torino.it\/index.php?rest_route=\/wp\/v2\/posts"}],"about":[{"href":"https:\/\/www.scherma.torino.it\/index.php?rest_route=\/wp\/v2\/types\/post"}],"author":[{"embeddable":true,"href":"https:\/\/www.scherma.torino.it\/index.php?rest_route=\/wp\/v2\/users\/7"}],"replies":[{"embeddable":true,"href":"https:\/\/www.scherma.torino.it\/index.php?rest_route=%2Fwp%2Fv2%2Fcomments&post=3828"}],"version-history":[{"count":3,"href":"https:\/\/www.scherma.torino.it\/index.php?rest_route=\/wp\/v2\/posts\/3828\/revisions"}],"predecessor-version":[{"id":4227,"href":"https:\/\/www.scherma.torino.it\/index.php?rest_route=\/wp\/v2\/posts\/3828\/revisions\/4227"}],"wp:attachment":[{"href":"https:\/\/www.scherma.torino.it\/index.php?rest_route=%2Fwp%2Fv2%2Fmedia&parent=3828"}],"wp:term":[{"taxonomy":"category","embeddable":true,"href":"https:\/\/www.scherma.torino.it\/index.php?rest_route=%2Fwp%2Fv2%2Fcategories&post=3828"},{"taxonomy":"post_tag","embeddable":true,"href":"https:\/\/www.scherma.torino.it\/index.php?rest_route=%2Fwp%2Fv2%2Ftags&post=3828"}],"curies":[{"name":"wp","href":"https:\/\/api.w.org\/{rel}","templated":true}]}}