{"id":3803,"date":"2013-01-18T16:10:36","date_gmt":"2013-01-18T15:10:36","guid":{"rendered":"http:\/\/www.scherma.torino.it\/?p=3803"},"modified":"2013-08-28T08:59:06","modified_gmt":"2013-08-28T07:59:06","slug":"2a-prova-regionale-gpg-%e2%80%93-matteo-tarricone-vince-tra-gli-esordienti-anche-cofini-paganelli-e-chiado-salgono-sul-podio","status":"publish","type":"post","link":"https:\/\/www.scherma.torino.it\/?p=3803","title":{"rendered":"2a Prova regionale GPG \u2013 Matteo Tarricone vince tra gli Esordienti, anche Cofini, Paganelli e Chiad\u00f2 salgono sul podio"},"content":{"rendered":"<p>Sabato 12 e domenica 13 gennaio 2013, presso il Palasport di Via Gerbi 20, ad Asti, si \u00e8 svolta la 2<sup>a<\/sup> Prova regionale GPG \/ Prime Lame ed Esordienti.<\/p>\n<p>Nel spada maschile i colori della Marchesa possono esultare per la bella vittoria di Matteo Tarricone nella categoria Esordienti che ha superato nella finalissima per il primo posto il suo compagno di sala Andrea Cofini, facendo segnare una bella doppietta sul podio per la societ\u00e0 di Corso Taranto che si \u00e8 ripetuta piazzando al secondo ed al terzo posto nella gara delle Prime lame Marco Paganelli e Riccardo Chiad\u00f2.<\/p>\n<p>Vittoria dunque tra gli Esordienti per Matteo Tarricone che ha superato in finale il compagno di sala Andrea Cofini per 8 a 4. Secondo del tabellone della diretta dopo i gironi, Matteo aveva in precedenza sconfitto per 8 a 3 Ludovica Falleti (Ivrea) in semifinale, Tommaso Santini (Pro Novara Scherma) nei quarti di finale per 8 a 6 e Francesco Sciortino (ISEF) negli ottavi con il medesimo punteggio. Dal canto suo Andrea Cofini, primo dopo i gironi, aveva superato in semifinale Sofia Grigolon (Pro Vercelli) per 8 a 3, Mattia Lacerenzia (Pro Novara Scherma) con il medesimo punteggio nei quarti e negli ottavi aveva avuto la meglio 8 a 0 su Nicolo&#8217; Cussotto (Virtus Scherma Asti).<\/p>\n<p>Nella medesima categoria 13ma piazza per Martina Logozzo e 17ma per Elena Caruso.<\/p>\n<p>Martina \u00e8 stata sconfitta negli ottavi di finale da Pietro Casarotti (Pro Novara Scherma), mentre Elena si \u00e8 dovuta arrendere nel turno precedente a Ludovica Falleti (Ivrea)<\/p>\n<p>Tra le prime lame dunque doppio podio Marchesa con Marco Paganelli sconfitto in finale da Simone Mencarelli per 10 a 9 al termine di un match tiratissimo ed equilibrato e di una gara caratterizzata da parecchi derby tra i giovani spadisti della Marchesa.<\/p>\n<p>Marco, primo del tabellone dopo i gironi, aveva sconfitto in semifinale il compagno di sala Riccardo Chiad\u00f2 (quindi salito sul terzo gradino del podio) per 10 a 5, e nei quarti un altro atleta della Marchesa Paolo De Bastiani che si \u00e8 piazziato al 7\u00b0 posto della classifica finale.<\/p>\n<p>Proprio De Bastiani era stato protagonista, suo malgrado, nel turno precedente dell\u2019eliminazione del compagno di sala Dario Ziano che ha chiuso la gara in decima posizione.<\/p>\n<p>Numero 4 del tabellone Riccardo dal canto suo aveva superato nei quarti Mattia Oddenino (Michelin) per 10 a 4 e negli ottavi il compagno di sala Andrea Chiaverotti (giunto 13\u00b0).<\/p>\n<p>Nella categoria Maschietti, 10\u00b0 posto per Ivan Cattarossi ed 11\u00b0 per Fabio Oldini.<\/p>\n<p>Entrambi sono stati sconfitti nel tabellone degli ottavi di finale, Ivan per mano di Stefano Follo (CS Torino) e Fabio da Nicolo Zedda (Biella).<\/p>\n<p>Un solo schermidore della Marchesa era presente nella categoria Giovanissimi. Si tratta di Samuel Mesiti che ha chiuso la gara in 10ma posizione, sconfitto negli ottavi di finale da Fabio Vogliolo (Virtus Scherma Asti).<\/p>\n<p>Nutrita invece la presenza di lame della Marchesa nelle categorie Allievi \u2013 Ragazzi, la categoria dei pi\u00f9 grandi di et\u00e0, dove pur non centrando il podio gli spadisti della Marchesa si sono battuti con il consueto ardore agonistico. Il miglior piazzamento lo ha raccolto Luca Diliberto. Il mancino spadista della societ\u00e0 di corso Taranto si \u00e8 piazziato in 13ma posizione, sconfitto, negli ottavi di finale solo di stretta misura dal numero 2 del tabellone Massimiliano Benassi (Novara) che lo ha sconfitto 15 a 13. Peccato per Luca che, 15mo dopo i gironi era arrivato sino agli ottavi senza problemi travolgendo (15 a 0 e 15 a 5) gli avversari che aveva trovato sulla sua strada.<\/p>\n<p>Si \u00e8 fermato nel turno precedente Antonio Cersosimo, sconfitto 15 a 10 da Jacopo Porzio (Novara), e giunto 19\u00b0. Sempre nel tabellone dei 32 stop per Pietro Varengo (21\u00b0) sconfitto da Federico Forno (Pro Vercelli) ed Alessandro Scarabosio (30\u00b0) che si \u00e8 dovuto arrendere al numero uno del tabellone Pietro Pelizzaro (Pro Vercelli), poi giunto secondo.<\/p>\n<p>Pi\u00f9 indietro gli altri, 36\u00b0 Francesco Fornaro, sconfitto nel tabellone dei 64 da Lorenzo Crisanti (Michelin), 42\u00b0 Niccol\u00f2 Capra, sconfitto da Gabriele Mencarelli, 45\u00b0 Edoardo Chiatello, superato da Giovanni Sciortino (Isef), 51\u00b0 Edoardo Boggione eliminato da Federico Forno (Vercelli) e 52\u00b0 Federico Battaglio sconfitto da Alessandro Groppo (Isef).<\/p>\n","protected":false},"excerpt":{"rendered":"<p>Sabato 12 e domenica 13 gennaio 2013, presso il Palasport di Via Gerbi 20, ad Asti, si \u00e8 svolta la 2a Prova regionale GPG \/ Prime Lame ed Esordienti. Nel spada maschile i colori della Marchesa possono esultare per la bella vittoria di Matteo Tarricone nella categoria Esordienti che ha superato nella finalissima per il [&hellip;]<\/p>\n","protected":false},"author":7,"featured_media":0,"comment_status":"open","ping_status":"closed","sticky":false,"template":"","format":"standard","meta":{"_mi_skip_tracking":false,"_monsterinsights_sitenote_active":false,"_monsterinsights_sitenote_note":"","_monsterinsights_sitenote_category":0},"categories":[3,9,10],"tags":[],"views":2157,"_links":{"self":[{"href":"https:\/\/www.scherma.torino.it\/index.php?rest_route=\/wp\/v2\/posts\/3803"}],"collection":[{"href":"https:\/\/www.scherma.torino.it\/index.php?rest_route=\/wp\/v2\/posts"}],"about":[{"href":"https:\/\/www.scherma.torino.it\/index.php?rest_route=\/wp\/v2\/types\/post"}],"author":[{"embeddable":true,"href":"https:\/\/www.scherma.torino.it\/index.php?rest_route=\/wp\/v2\/users\/7"}],"replies":[{"embeddable":true,"href":"https:\/\/www.scherma.torino.it\/index.php?rest_route=%2Fwp%2Fv2%2Fcomments&post=3803"}],"version-history":[{"count":3,"href":"https:\/\/www.scherma.torino.it\/index.php?rest_route=\/wp\/v2\/posts\/3803\/revisions"}],"predecessor-version":[{"id":4235,"href":"https:\/\/www.scherma.torino.it\/index.php?rest_route=\/wp\/v2\/posts\/3803\/revisions\/4235"}],"wp:attachment":[{"href":"https:\/\/www.scherma.torino.it\/index.php?rest_route=%2Fwp%2Fv2%2Fmedia&parent=3803"}],"wp:term":[{"taxonomy":"category","embeddable":true,"href":"https:\/\/www.scherma.torino.it\/index.php?rest_route=%2Fwp%2Fv2%2Fcategories&post=3803"},{"taxonomy":"post_tag","embeddable":true,"href":"https:\/\/www.scherma.torino.it\/index.php?rest_route=%2Fwp%2Fv2%2Ftags&post=3803"}],"curies":[{"name":"wp","href":"https:\/\/api.w.org\/{rel}","templated":true}]}}