{"id":3713,"date":"2012-11-17T18:54:45","date_gmt":"2012-11-17T17:54:45","guid":{"rendered":"http:\/\/www.scherma.torino.it\/?p=3713"},"modified":"2013-08-28T08:59:59","modified_gmt":"2013-08-28T07:59:59","slug":"fioretto-stefano-sapienza-si-qualifica-per-l%e2%80%99open-nazionale","status":"publish","type":"post","link":"https:\/\/www.scherma.torino.it\/?p=3713","title":{"rendered":"FIORETTO STEFANO SAPIENZA SI QUALIFICA PER L\u2019OPEN NAZIONALE"},"content":{"rendered":"<p>Un brillante Stefano Sapienza centra la qualificazione alla prima prova nazionale dell\u2019Open di scherma stagione 2012 \u2013 2013, con un bellissimo 10\u00b0 posto conquistato nella prova di qualificazione svoltasi a Zevio, in provincia di Verona, lo scorso week end.<\/p>\n<p>Terzo nel tabellone delle dirette dopo un girone di qualificazione pressoch\u00e9 impeccabile, con tutte vittorie, Stefano ha saltato di diritto il primo turno di eliminazione diretta per poi superare agevolmente il turno successivo, sconfiggendo il fiorettista bustocco Lorenzo Malvezzi. Il turno successivo si \u00e8 rivelato invece molto arduo e difficile per l\u2019atleta della Marchesa, allenato dal M\u00b0 Paolo Cuccu, infatti l\u2019avversario in pedana, Marco Gomirato (Treviso), si \u00e8 dimostrato particolarmente ostico e la vittoria \u00e8 arrisa a Stefano solo all\u2019ultima stoccata per il 15 a 14 finale dopo un assalto combattuto dalla prima all\u2019ultima botta.<\/p>\n<p>Arrivato all\u2019assalto successivo, che valeva l\u2019accesso tra i primi otto, un po\u2019 in riserva dopo la battaglia del turno precedente e con un avversario (Zacchero CS Torino) pi\u00f9 fresco perch\u00e9 reduce da un assalto meno combattuto e che aveva potuto beneficiare di un intervallo di riposo pi\u00f9 lungo, Sapienza si \u00e8 battuto con valore, ma non \u00e8 riuscito ha piegare l\u2019avversario che al termine el match ha prevalso per 15 a 10. Comunque gran bella gara quella di Stefano che raccoglie i frutti del lavoro fatto in sala in questi mesi e centra una meritatissima qualificazione all\u2019open.<\/p>\n<p>Qualificazione invece fallita da Sara Vitale nella gara femminile, non per mancanza di doti tecniche, potenzialit\u00e0 fisiche, o scarso impegno negli allenamenti, anzi tutt\u2019altro, doti che abbondano nel carniere della giovane fiorettista della Marchesa, la quale tuttavia difetta ancora un po\u2019 di esperienza e soprattutto di consapevolezza delle proprie possibilit\u00e0 e dei propri mezzi.<\/p>\n<p>Sara, 51ma dopo un girone un po\u2019 opaco, caratterizzato appunto pi\u00f9 da mancanze motivazionali che non tecniche, ha saltato il primo turno di diretta e nel successivo \u00e8 stata sconfitta dalla mestrina Giulia Brunazzo.<\/p>\n<p>Gara assolutamente priva di acuti da parte anche del \u201cMaster\u201d, Luca Negro che, incapace di mettere in pedana la grinta necessaria in una gara di questo livello, compie il \u201ccompitino\u201d minimo necessario per passare i gironi di qualificazione (2 vittorie), per poi venire letteralmente travolto nelle prima diretta dal savonese Baldi. Tanto lavoro in questi mesi in sala che ha pagato (parzialmente) nelle prima gara master dell\u2019anno, ma per nulla a Zevio, ma sia chiaro non per la mancanza di qualit\u00e0 dell\u2019allenamento, ma per limiti decisamente di capacit\u00e0 di gestire gli assalti determinati della gara\u2026\u2026\u2026.. a 44 anni bisogna ancora lavorare su questo, purtroppo.<\/p>\n","protected":false},"excerpt":{"rendered":"<p>Un brillante Stefano Sapienza centra la qualificazione alla prima prova nazionale dell\u2019Open di scherma stagione 2012 \u2013 2013, con un bellissimo 10\u00b0 posto conquistato nella prova di qualificazione svoltasi a Zevio, in provincia di Verona, lo scorso week end. Terzo nel tabellone delle dirette dopo un girone di qualificazione pressoch\u00e9 impeccabile, con tutte vittorie, Stefano [&hellip;]<\/p>\n","protected":false},"author":7,"featured_media":0,"comment_status":"open","ping_status":"closed","sticky":false,"template":"","format":"standard","meta":{"_mi_skip_tracking":false,"_monsterinsights_sitenote_active":false,"_monsterinsights_sitenote_note":"","_monsterinsights_sitenote_category":0},"categories":[3,6,10],"tags":[],"views":1483,"_links":{"self":[{"href":"https:\/\/www.scherma.torino.it\/index.php?rest_route=\/wp\/v2\/posts\/3713"}],"collection":[{"href":"https:\/\/www.scherma.torino.it\/index.php?rest_route=\/wp\/v2\/posts"}],"about":[{"href":"https:\/\/www.scherma.torino.it\/index.php?rest_route=\/wp\/v2\/types\/post"}],"author":[{"embeddable":true,"href":"https:\/\/www.scherma.torino.it\/index.php?rest_route=\/wp\/v2\/users\/7"}],"replies":[{"embeddable":true,"href":"https:\/\/www.scherma.torino.it\/index.php?rest_route=%2Fwp%2Fv2%2Fcomments&post=3713"}],"version-history":[{"count":4,"href":"https:\/\/www.scherma.torino.it\/index.php?rest_route=\/wp\/v2\/posts\/3713\/revisions"}],"predecessor-version":[{"id":4257,"href":"https:\/\/www.scherma.torino.it\/index.php?rest_route=\/wp\/v2\/posts\/3713\/revisions\/4257"}],"wp:attachment":[{"href":"https:\/\/www.scherma.torino.it\/index.php?rest_route=%2Fwp%2Fv2%2Fmedia&parent=3713"}],"wp:term":[{"taxonomy":"category","embeddable":true,"href":"https:\/\/www.scherma.torino.it\/index.php?rest_route=%2Fwp%2Fv2%2Fcategories&post=3713"},{"taxonomy":"post_tag","embeddable":true,"href":"https:\/\/www.scherma.torino.it\/index.php?rest_route=%2Fwp%2Fv2%2Ftags&post=3713"}],"curies":[{"name":"wp","href":"https:\/\/api.w.org\/{rel}","templated":true}]}}