{"id":3711,"date":"2012-11-17T18:14:17","date_gmt":"2012-11-17T17:14:17","guid":{"rendered":"http:\/\/www.scherma.torino.it\/?p=3711"},"modified":"2013-08-28T08:59:59","modified_gmt":"2013-08-28T07:59:59","slug":"calenzano-prova-desordio-del-gran-prix-%e2%80%9ckinder-sport%e2%80%9d-under-14","status":"publish","type":"post","link":"https:\/\/www.scherma.torino.it\/?p=3711","title":{"rendered":"CALENZANO PROVA D&#8217;ESORDIO DEL GRAN PRIX \u201cKINDER +SPORT\u201d UNDER 14"},"content":{"rendered":"<p>Si \u00e8 svolta ieri al PalaSport di Calenzano (Firenze), la prima delle tre giornate di gare della Prima Prova Gran Prix \u201cKinder +Sport\u201d under 14 di fioretto maschile e femminile.<\/p>\n<p>La giornata ha segnato non solo la tappa iniziale del percorso che porter\u00e0 i piccoli atleti under 14 sino al Gran Premio Giovanissimi \u201cRenzo Nostini\u201d &#8211; Trofeo \u201cKinder +Sport\u201d di Riccione, ma ha anche rappresentato l&#8217;esordio in pedana per la classe 2002 di fiorettisti e fiorettiste.<\/p>\n<p>Oltre alla prova di fioretto femminile Allieve, infatti, si sono svolte anche le gare di fioretto maschile Maschietti e fioretto femminile Bambine.<\/p>\n<p>Nella categoria Allieve in pedana \u00e8 scesa anche la nostra atleta Valentina Schiavo che si \u00e8 classificata in 92ma posizione, mentre a vincere \u00e8 stata Serena Rossini del Club Scherma Ancona, che in finale ha avuto la meglio su Mila Maina del Club Scherma Torino.<\/p>\n<p>Nell&#8217;ultima gara di giornata, quella di fioretto maschile Maschietti, Alberto Rota ha fatto il suo debutto nel GPG nazionale chiudendo la sua prova in 61ma posizione. A vincere \u00e8 stato Tommaso Martini del Club Scherma Agliana, che in finale ha superato Francesco Vannucci del Cs Aretino.<\/p>\n<p>Alberto (2 vittorie in girone), ha superato brillantemente il primo turno di diretta,sconfiggendo dopo un tirato 10 a 9 Mattia Piccirillo (Terni) che, col numero 54, lo precedeva nel tabellone della diretta, ma si \u00e8 dovuto arrendere, nel turno successivo, al numero 11 del tabellone Giuseppe Antonio Coricelli (Spoleto) che lo ha sconfitto per 10 a 5.<\/p>\n<p>Stop al primo turno di diretta per Valentina Schiavo, sconfitta da Bianca Baraldi (Comini Padova).<\/p>\n","protected":false},"excerpt":{"rendered":"<p>Si \u00e8 svolta ieri al PalaSport di Calenzano (Firenze), la prima delle tre giornate di gare della Prima Prova Gran Prix \u201cKinder +Sport\u201d under 14 di fioretto maschile e femminile. La giornata ha segnato non solo la tappa iniziale del percorso che porter\u00e0 i piccoli atleti under 14 sino al Gran Premio Giovanissimi \u201cRenzo Nostini\u201d [&hellip;]<\/p>\n","protected":false},"author":7,"featured_media":0,"comment_status":"open","ping_status":"closed","sticky":false,"template":"","format":"standard","meta":{"_mi_skip_tracking":false,"_monsterinsights_sitenote_active":false,"_monsterinsights_sitenote_note":"","_monsterinsights_sitenote_category":0},"categories":[3,6,10],"tags":[],"views":1489,"_links":{"self":[{"href":"https:\/\/www.scherma.torino.it\/index.php?rest_route=\/wp\/v2\/posts\/3711"}],"collection":[{"href":"https:\/\/www.scherma.torino.it\/index.php?rest_route=\/wp\/v2\/posts"}],"about":[{"href":"https:\/\/www.scherma.torino.it\/index.php?rest_route=\/wp\/v2\/types\/post"}],"author":[{"embeddable":true,"href":"https:\/\/www.scherma.torino.it\/index.php?rest_route=\/wp\/v2\/users\/7"}],"replies":[{"embeddable":true,"href":"https:\/\/www.scherma.torino.it\/index.php?rest_route=%2Fwp%2Fv2%2Fcomments&post=3711"}],"version-history":[{"count":3,"href":"https:\/\/www.scherma.torino.it\/index.php?rest_route=\/wp\/v2\/posts\/3711\/revisions"}],"predecessor-version":[{"id":4258,"href":"https:\/\/www.scherma.torino.it\/index.php?rest_route=\/wp\/v2\/posts\/3711\/revisions\/4258"}],"wp:attachment":[{"href":"https:\/\/www.scherma.torino.it\/index.php?rest_route=%2Fwp%2Fv2%2Fmedia&parent=3711"}],"wp:term":[{"taxonomy":"category","embeddable":true,"href":"https:\/\/www.scherma.torino.it\/index.php?rest_route=%2Fwp%2Fv2%2Fcategories&post=3711"},{"taxonomy":"post_tag","embeddable":true,"href":"https:\/\/www.scherma.torino.it\/index.php?rest_route=%2Fwp%2Fv2%2Ftags&post=3711"}],"curies":[{"name":"wp","href":"https:\/\/api.w.org\/{rel}","templated":true}]}}