{"id":12908,"date":"2020-11-10T22:15:02","date_gmt":"2020-11-10T21:15:02","guid":{"rendered":"http:\/\/www.scherma.torino.it\/?p=12908"},"modified":"2020-11-10T22:18:41","modified_gmt":"2020-11-10T21:18:41","slug":"ripresa-dellattivita-sportiva-mercoledi-11-nov-2020","status":"publish","type":"post","link":"https:\/\/www.scherma.torino.it\/?p=12908","title":{"rendered":"RIPRESA DELL&#8217;ATTIVITA&#8217; SPORTIVA MERCOLEDI&#8217; 11 NOV 2020"},"content":{"rendered":"\n<p>Cari Soci,<br>dopo la fase interlocutoria tra la Federazione Italiana Scherma e il CONI per l&#8217;interpretazione della norma, ai sensi di quanto disposto dell&#8217;&nbsp;art. 1 c.&nbsp;9 lett. e), f) g) e art. 3 c.&nbsp;4 lett. d), c.&nbsp;5 del D.P.C.M del 3&nbsp;novembre 2020, il calendario sportivo della FIS \u00e8 stato inserito tra gli eventi approvati dal Comitato Olimpico Nazionale, pertanto si comunica che <strong>gli allenamenti possono riprendere&nbsp;regolarmente&nbsp;a partire da MERCOLEDI&#8217; 11 NOVEMBRE 2020<\/strong>&nbsp;&nbsp;per tutte le&nbsp;categorie nel rigoroso rispetto del protocollo federale di sorveglianza sanitaria.<br><\/p>\n\n\n\n<p>La\u00a0nostra\u00a0regione\u00a0in questo momento \u00e8\u00a0particolarmente colpita dalla diffusione epidemiologica  e il Consiglio Direttivo dell&#8217;Accademia Scherma Marchesa ha posto  particolare attenzione a quanto disposto a livello nazionale e ha  valutato i molteplici aspetti legati alla ripresa dell&#8217;attivit\u00e0  sportiva.Determinante  \u00e8 sempre la scelta di dare continuit\u00e0 alla fase formativa che lo sport  riveste specie per i ragazzi pi\u00f9 giovani, ma altrettanto prioritario \u00e8  stato organizzare l&#8217;attivit\u00e0 in modo che la sicurezza e la salute degli  atleti, dei tecnici e di tutti coloro che frequentano la sala scherma  sia garantita.<br><strong>ISTITUTO SOCIALE:<\/strong> I giorni di frequenza e gli orari degli Atleti frequentanti l&#8217;Istituto Sociale non subir\u00e0 variazioni.<br><strong>SEDE CORSO TARANTO &#8211;> ATTENZIONE<\/strong>, prendere visione dei file allegati, (inviati anche tramite mail):<\/p>\n\n\n\n<p><strong><em>a) <a href=\"http:\/\/www.scherma.torino.it\/wp-content\/uploads\/01.ORARI_.jpg\">NUOVI ORARI SEDE<\/a><\/em><\/strong> divisi per gruppi di appartenenza validi dal 11 Nov.<br><strong><em>b) <a href=\"http:\/\/www.scherma.torino.it\/wp-content\/uploads\/02.Gruppi-scaled.jpg\">ELENCO DEI GRUPPI DI APPARTENENZA<\/a><\/em><\/strong><br><br>Affinch\u00e9&nbsp;tutto si svolga regolarmente si chiede da parte di tutti:<br>&#8211; <strong>puntualit\u00e0 all&#8217;orario di ingresso&nbsp;e di uscita degli atleti<\/strong>, con particolare attenzione da parte dei genitori dei minori<br>&#8211; <strong>Arrivare gi\u00e0 vestiti in tenuta sportiva <\/strong>e con una borsa per contenere i propri indumenti personali che vanno riposti e con borraccia di acqua personale.<br><br><strong>IMPORTANTE:<\/strong><br><strong>&#8211; VIETATO USO DELLE DOCCE<\/strong><br><strong>&#8211; OBBLIGATORIO INDOSSARE SEMPRE LA MASCHERINA CHIRURGICA O FFP2<\/strong><br><strong>&#8211; SONO TASSATIVAMENTE VIETATE LE MASCHERINE DI COMUNITA&#8217; PERCHE&#8217; NON GARANTISCONO LA SICUREZZA SANITARIA<\/strong><br><br>Si&nbsp;allegano:<br><strong>&#8211; <a href=\"http:\/\/www.scherma.torino.it\/wp-content\/uploads\/03.PROTOCOLLO-OPERATIVO-Marchesa-08-11-2020.pdf\">NUOVO PROTOCOLLO OPERATIVO<\/a> CON ANNESSO PROTOCOLLO DI GESTIONE EVENTUALI POSITIVITA\u2019 DA COVID<\/strong><br><strong>&#8211; <a href=\"http:\/\/www.scherma.torino.it\/wp-content\/uploads\/04.AUTOCERTIFICAZIONE.pdf\">AUTODICHIARAZIONE<\/a> DA PRESENTARE IN CASO DI VERIFICA DA PARTE DELLE FORZE DELL&#8217;ORDINE<\/strong><br><strong>&#8211; <a href=\"http:\/\/www.scherma.torino.it\/wp-content\/uploads\/ASM-DICHIARAZIONE-DI-APPARTENENZA.pdf\">DICHIARAZIONE DI APPARTENENZA<\/a> ALL&#8217;ACCADEMIA SCHERMA MARCHESA<\/strong><br><strong>&#8211; <a href=\"http:\/\/www.scherma.torino.it\/wp-content\/uploads\/06.FIS_-_attivita_interesse_nazionale_per_CONI.pdf\">CIRCOLARE DELLA FIS<\/a> ATTESTANTE IL CALENDARIO AUTORIZZATO DAL CONI<\/strong><br><\/p>\n\n\n\n<p><\/p>\n\n\n\n<p><\/p>\n","protected":false},"excerpt":{"rendered":"<p>Cari Soci,dopo la fase interlocutoria tra la Federazione Italiana Scherma e il CONI per l&#8217;interpretazione della norma, ai sensi di quanto disposto dell&#8217;&nbsp;art. 1 c.&nbsp;9 lett. e), f) g) e art. 3 c.&nbsp;4 lett. d), c.&nbsp;5 del D.P.C.M del 3&nbsp;novembre 2020, il calendario sportivo della FIS \u00e8 stato inserito tra gli eventi approvati dal Comitato [&hellip;]<\/p>\n","protected":false},"author":8,"featured_media":0,"comment_status":"open","ping_status":"closed","sticky":false,"template":"","format":"standard","meta":{"_mi_skip_tracking":false,"_monsterinsights_sitenote_active":false,"_monsterinsights_sitenote_note":"","_monsterinsights_sitenote_category":0},"categories":[1],"tags":[],"views":2783,"_links":{"self":[{"href":"https:\/\/www.scherma.torino.it\/index.php?rest_route=\/wp\/v2\/posts\/12908"}],"collection":[{"href":"https:\/\/www.scherma.torino.it\/index.php?rest_route=\/wp\/v2\/posts"}],"about":[{"href":"https:\/\/www.scherma.torino.it\/index.php?rest_route=\/wp\/v2\/types\/post"}],"author":[{"embeddable":true,"href":"https:\/\/www.scherma.torino.it\/index.php?rest_route=\/wp\/v2\/users\/8"}],"replies":[{"embeddable":true,"href":"https:\/\/www.scherma.torino.it\/index.php?rest_route=%2Fwp%2Fv2%2Fcomments&post=12908"}],"version-history":[{"count":6,"href":"https:\/\/www.scherma.torino.it\/index.php?rest_route=\/wp\/v2\/posts\/12908\/revisions"}],"predecessor-version":[{"id":12921,"href":"https:\/\/www.scherma.torino.it\/index.php?rest_route=\/wp\/v2\/posts\/12908\/revisions\/12921"}],"wp:attachment":[{"href":"https:\/\/www.scherma.torino.it\/index.php?rest_route=%2Fwp%2Fv2%2Fmedia&parent=12908"}],"wp:term":[{"taxonomy":"category","embeddable":true,"href":"https:\/\/www.scherma.torino.it\/index.php?rest_route=%2Fwp%2Fv2%2Fcategories&post=12908"},{"taxonomy":"post_tag","embeddable":true,"href":"https:\/\/www.scherma.torino.it\/index.php?rest_route=%2Fwp%2Fv2%2Ftags&post=12908"}],"curies":[{"name":"wp","href":"https:\/\/api.w.org\/{rel}","templated":true}]}}